{"id":242541,"date":"2019-03-23T05:32:30","date_gmt":"2019-03-23T04:32:30","guid":{"rendered":"https:\/\/www.radioluna.it\/news\/?p=242541"},"modified":"2019-03-23T11:04:21","modified_gmt":"2019-03-23T10:04:21","slug":"sezze-il-pacifici-de-magistris-intitola-la-palestra-a-daniele-nardi-poi-la-fiaccolata","status":"publish","type":"post","link":"https:\/\/www.radioluna.it\/news\/2019\/03\/sezze-il-pacifici-de-magistris-intitola-la-palestra-a-daniele-nardi-poi-la-fiaccolata\/","title":{"rendered":"La famiglia di Daniele Nardi: &#8220;Grazie per l&#8217;affetto&#8221;. E invita tutti alle iniziative in sua memoria"},"content":{"rendered":"<div id=\"fb-root\"><\/div>\n<p style=\"text-align: justify;\"><strong>SEZZE &#8211; Un&#8217;intera giornata sabato 23 marzo dedicata a Daniele Nardi e Tom Ballard <\/strong>ad un mese esatto dall&#8217;ultima chiamata fatta a casa, quando i due alpinisti erano a 6300 metri di quota sul Nanga Parbat nella fatale spedizione invernale che aveva come obiettivo quello di aprire una nuova via su uno degli Ottomila del mondo.<\/p>\n<p style=\"text-align: justify;\"><strong>IL GRAZIE COMMOSSO DELLA FAMIGLIA\u00a0<\/strong> &#8211;<strong>\u00a0La famiglia di Daniele, rompendo un silenzio composto iniziato dopo l&#8217;ultima e definitiva notizia dal Pakistan, ha postato sulla pagina ufficiale di Daniele poche righe per dire: &#8220;Ringraziamo tutti coloro che ci hanno manifestato la loro vicinanza. Siamo commossi per la grande partecipazione&#8221; per poi invitare tutti gli amici a partecipare alle prossime iniziative che ricorderanno l&#8217;alpinista. <\/strong><\/p>\n<p style=\"text-align: justify;\"><strong>LE DUE INIZIATIVE DI SABATO<\/strong> &#8211; Alle 11 l&#8217;istituto Pacifici-De Magistris intitoler\u00e0 a Daniele Nardi la palestra della scuola, cos\u00ec come proposto dalla dirigente dell&#8217;istituto Anna Giorgi. Poi stasera alle 21, si accenderanno centinaia, probabilmente migliaia di fiaccole per l&#8217;iniziativa promossa\u00a0 dal coordinamento delle associazioni setine:\u00a0 un percorso che partir\u00e0 dall\u2019anfiteatro di Sezze e raggiunger\u00e0 la parete di arrampicata del Centro Calabresi dove verr\u00e0 proiettato un video sulle attivit\u00e0 di Daniele Nardi.<\/p>\n<p style=\"text-align: justify;\">Sezze dunque si mobilita per l&#8217;atleta 42 enne, alpinista ed esploratore, instancabile divulgatore e ambasciatore di pace che aveva il sogno di insegnare, anche nei posti pi\u00f9 remoti,\u00a0 i 33 articoli della Dichiarazione dei Diritti Umani, l&#8217;uomo che nello zaino metteva sempre l\u2019Alta Bandiera dei Diritti Umani firmata da oltre 20.000 studenti incontrati nelle scuole del Lazio.<\/p>\n<p style=\"text-align: justify;\">Il 31 marzo \u00e8 prevista in sua memoria un&#8217;escursione sulla Semprevisa mentre in agosto gli sar\u00e0 intitolata una delle cime come deciso dalla Compagnaia dei Lepini e dai Comuni di Sezze e Carpineto Romano.<\/p>\n<div class=\"radio-posizionamento-telefono-in-articoli-dopo-il-contenuto-articolo radio-entity-placement\" id=\"radio-1699289156\"><div id=\"radio-1881186527\" style=\"width: 300px;height: 250px;\"><a href=\"https:\/\/www.icarspa.it\/auto\/usate\/latina\/\" aria-label=\"banner aprile icar new life &#8211; auto usate latina\"><img loading=\"lazy\" decoding=\"async\" src=\"https:\/\/www.radioluna.it\/news\/wp-content\/uploads\/2026\/02\/banner-aprile-icar-new-life-auto-usate-latina.gif\" alt=\"\"  width=\"300\" height=\"250\"   \/><\/a><\/div><\/div>","protected":false},"excerpt":{"rendered":"<p>SEZZE &#8211; Un&#8217;intera giornata sabato 23 marzo dedicata a Daniele Nardi e Tom Ballard ad un mese esatto dall&#8217;ultima chiamata fatta a casa, quando i due alpinisti erano a 6300 metri di quota sul Nanga Parbat nella fatale spedizione invernale che aveva come obiettivo quello di aprire una nuova via su uno degli Ottomila del [&hellip;]<\/p>\n","protected":false},"author":62,"featured_media":242544,"comment_status":"open","ping_status":"open","sticky":false,"template":"","format":"standard","meta":{"footnotes":""},"categories":[16],"tags":[],"class_list":["post-242541","post","type-post","status-publish","format-standard","has-post-thumbnail","hentry","category-appuntamenti"],"_links":{"self":[{"href":"https:\/\/www.radioluna.it\/news\/wp-json\/wp\/v2\/posts\/242541","targetHints":{"allow":["GET"]}}],"collection":[{"href":"https:\/\/www.radioluna.it\/news\/wp-json\/wp\/v2\/posts"}],"about":[{"href":"https:\/\/www.radioluna.it\/news\/wp-json\/wp\/v2\/types\/post"}],"author":[{"embeddable":true,"href":"https:\/\/www.radioluna.it\/news\/wp-json\/wp\/v2\/users\/62"}],"replies":[{"embeddable":true,"href":"https:\/\/www.radioluna.it\/news\/wp-json\/wp\/v2\/comments?post=242541"}],"version-history":[{"count":0,"href":"https:\/\/www.radioluna.it\/news\/wp-json\/wp\/v2\/posts\/242541\/revisions"}],"wp:featuredmedia":[{"embeddable":true,"href":"https:\/\/www.radioluna.it\/news\/wp-json\/wp\/v2\/media\/242544"}],"wp:attachment":[{"href":"https:\/\/www.radioluna.it\/news\/wp-json\/wp\/v2\/media?parent=242541"}],"wp:term":[{"taxonomy":"category","embeddable":true,"href":"https:\/\/www.radioluna.it\/news\/wp-json\/wp\/v2\/categories?post=242541"},{"taxonomy":"post_tag","embeddable":true,"href":"https:\/\/www.radioluna.it\/news\/wp-json\/wp\/v2\/tags?post=242541"}],"curies":[{"name":"wp","href":"https:\/\/api.w.org\/{rel}","templated":true}]}}