{"id":242598,"date":"2019-03-20T08:42:22","date_gmt":"2019-03-20T07:42:22","guid":{"rendered":"https:\/\/www.radioluna.it\/news\/?p=242598"},"modified":"2019-03-20T08:42:22","modified_gmt":"2019-03-20T07:42:22","slug":"mascarello-i-diportisti-in-commissione-urbanistica-somme-in-bilancio-per-il-canale","status":"publish","type":"post","link":"https:\/\/www.radioluna.it\/news\/2019\/03\/mascarello-i-diportisti-in-commissione-urbanistica-somme-in-bilancio-per-il-canale\/","title":{"rendered":"Mascarello, i diportisti in Commissione Urbanistica. Somme in bilancio per il canale"},"content":{"rendered":"<div id=\"fb-root\"><\/div>\n<p style=\"text-align: justify;\"><strong>LATINA<\/strong> &#8211;\u00a0Intervenire sul canale Mascarello per renderlo fruibile agli operatori e sanare le difficolt\u00e0 che finora ci sono state. Questa l&#8217;intenzione emersa nel corso della commissione Urbanistica tenutasi il 19 marzo alla quale erano presenti tanti operatori &#8211; a cui \u00e8 stata data la parola tramite Maurizio Scalia, presidente associazione Noi e il Mascarello, che ha fatto emergere le difficolt\u00e0 dei diportisti non pi\u00f9 rinviabili &#8211; ed alla quale hanno partecipato i rappresentanti della Sogin.<\/p>\n<p style=\"text-align: justify;\"><strong>LO SCIVOLO DI ALAGGIO\u00a0<\/strong> \u00a0&#8211; L&#8217;intenzione emersa nella commissione presieduta da Celina Mattei \u00e8 stata quella di risolvere il problema del canale il prima possibile, ed \u00e8 stato votato all&#8217;unanimit\u00e0 l&#8217;impegno a stanziare delle somme in bilancio a tale scopo. In particolare dalla maggioranza a firma della consigliera di Latina Bene Comune Maria Grazia Ciolfi, delegata per la marina, \u00e8 stato presentato un emendamento al bilancio per la progettazione di uno scivolo di alaggio per il canale. Maggioranza e opposizione, sempre per la progettazione di questo scivolo, si sono dette d&#8217;accordo nel ribadire la necessit\u00e0 della convocazione urgente di una conferenza dei servizi per valutare ogni necessit\u00e0 autorizzativa: trovandosi in una zona soggetta alla competenza di numerosi enti, la progettazione necessita infatti di questo passaggio.<\/p>\n<p style=\"text-align: justify;\"><strong>Sogin invece ha confermato l&#8217;impegno economico per la ristrutturazione e messa in sicurezza del ponte sul canale Mascarello, procedura che sta seguendo il suo iter .<\/strong><\/p>\n<p style=\"text-align: justify;\"><strong>IL PONTILE DELLA EX NUCLEARE\u00a0<\/strong> &#8211; Si \u00e8 parlato anche della possibilit\u00e0 di fruizione del pontile della centrale nucleare, tema sul quale i rappresentanti della Sogin hanno ricordato che si era espressa con diniego la Regione diversi anni fa, mentre Sogin non avrebbe avversit\u00e0 tecniche a tale utilizzo, pertanto data l&#8217;affermazione di nulla osta dal punto di vista tecnico da parte della Sogin, \u00e8 stato chiesto all&#8217;assessore Emilio Ranieri &#8211; presente in commissione &#8211; di chiedere un nuovo parere alla Pisana.<\/p>\n<p>&#8220;Come delegata alla marina &#8211; dichiara Ciolfi &#8211; dare risposte ai diportisti resta per me una priorit\u00e0 e in tal senso continuer\u00f2 a portare avanti la mia azione politica all&#8217;interno della maggioranza, al fine di raggiungere un risultato tangibile nel breve periodo&#8221;.<\/p>\n<p>&nbsp;<\/p>\n<div class=\"radio-posizionamento-telefono-in-articoli-dopo-il-contenuto-articolo radio-entity-placement\" id=\"radio-764083627\"><div id=\"radio-1579125848\" style=\"width: 300px;height: 250px;\"><a href=\"https:\/\/www.icarspa.it\/auto\/usate\/latina\/\" aria-label=\"banner aprile icar new life &#8211; auto usate latina\"><img loading=\"lazy\" decoding=\"async\" src=\"https:\/\/www.radioluna.it\/news\/wp-content\/uploads\/2026\/02\/banner-aprile-icar-new-life-auto-usate-latina.gif\" alt=\"\"  width=\"300\" height=\"250\"   \/><\/a><\/div><\/div>","protected":false},"excerpt":{"rendered":"<p>LATINA &#8211;\u00a0Intervenire sul canale Mascarello per renderlo fruibile agli operatori e sanare le difficolt\u00e0 che finora ci sono state. Questa l&#8217;intenzione emersa nel corso della commissione Urbanistica tenutasi il 19 marzo alla quale erano presenti tanti operatori &#8211; a cui \u00e8 stata data la parola tramite Maurizio Scalia, presidente associazione Noi e il Mascarello, che [&hellip;]<\/p>\n","protected":false},"author":60,"featured_media":242599,"comment_status":"open","ping_status":"open","sticky":false,"template":"","format":"standard","meta":{"footnotes":""},"categories":[2403,8],"tags":[],"class_list":["post-242598","post","type-post","status-publish","format-standard","has-post-thumbnail","hentry","category-le-cose-in-comune","category-politica"],"_links":{"self":[{"href":"https:\/\/www.radioluna.it\/news\/wp-json\/wp\/v2\/posts\/242598","targetHints":{"allow":["GET"]}}],"collection":[{"href":"https:\/\/www.radioluna.it\/news\/wp-json\/wp\/v2\/posts"}],"about":[{"href":"https:\/\/www.radioluna.it\/news\/wp-json\/wp\/v2\/types\/post"}],"author":[{"embeddable":true,"href":"https:\/\/www.radioluna.it\/news\/wp-json\/wp\/v2\/users\/60"}],"replies":[{"embeddable":true,"href":"https:\/\/www.radioluna.it\/news\/wp-json\/wp\/v2\/comments?post=242598"}],"version-history":[{"count":0,"href":"https:\/\/www.radioluna.it\/news\/wp-json\/wp\/v2\/posts\/242598\/revisions"}],"wp:featuredmedia":[{"embeddable":true,"href":"https:\/\/www.radioluna.it\/news\/wp-json\/wp\/v2\/media\/242599"}],"wp:attachment":[{"href":"https:\/\/www.radioluna.it\/news\/wp-json\/wp\/v2\/media?parent=242598"}],"wp:term":[{"taxonomy":"category","embeddable":true,"href":"https:\/\/www.radioluna.it\/news\/wp-json\/wp\/v2\/categories?post=242598"},{"taxonomy":"post_tag","embeddable":true,"href":"https:\/\/www.radioluna.it\/news\/wp-json\/wp\/v2\/tags?post=242598"}],"curies":[{"name":"wp","href":"https:\/\/api.w.org\/{rel}","templated":true}]}}