{"id":242618,"date":"2019-03-20T10:42:39","date_gmt":"2019-03-20T09:42:39","guid":{"rendered":"https:\/\/www.radioluna.it\/news\/?p=242618"},"modified":"2019-03-20T11:15:09","modified_gmt":"2019-03-20T10:15:09","slug":"latina-parcheggio-record-due-auto-ostruiscono-laccesso-alla-scuola-volta","status":"publish","type":"post","link":"https:\/\/www.radioluna.it\/news\/2019\/03\/latina-parcheggio-record-due-auto-ostruiscono-laccesso-alla-scuola-volta\/","title":{"rendered":"Latina, parcheggio da record: due auto ostruiscono l&#8217;accesso alla Scuola Volta"},"content":{"rendered":"<div id=\"fb-root\"><\/div>\n<p style=\"text-align: justify;\"><strong>LATINA<\/strong> &#8211; Di parcheggi incivili ne vediamo tanti tutti i giorni: sulle strisce pedonali, agli incroci, davanti agli scivoli che dovrebbero rendere pi\u00f9 semplice la discesa dal marciapiede anche ad una carrozzina o a chi ha problemi di deambulazione. Ma gli automobilisti che erano alla guida delle due auto in foto, oggi hanno davvero conquistato la medaglia, perch\u00e9 oltre ad aver occupato per intero le strisce pedonali che si trovano davanti ad una scuola, hanno ostruito i cancelli della stessa, la Alessandro Volta in Via Botticelli. Con il risultato che se per caso un alunno, un docente, un operatore amministrativo o un collaboratore scolastico &#8211; ci sono poco meno di un migliaio\u00a0 di persone all&#8217;interno dell&#8217;edificio &#8211;\u00a0 dovesse avere necessit\u00e0 di essere soccorso, l&#8217;ambulanza non potrebbe accedere. Come del resto \u00e8 accaduto anche in drammatici casi gi\u00e0 emersi agli onori delle cronache nazionali, ma che evidentemente sono\u00a0 stati presto dimenticati.<\/p>\n<p style=\"text-align: justify;\">\n<div class=\"radio-posizionamento-telefono-in-articoli-dopo-il-contenuto-articolo radio-entity-placement\" id=\"radio-296528528\"><div id=\"radio-1082975792\"><a href=\"https:\/\/www.simeoneceramiche.com\/\" aria-label=\"SIMEONE CERAMICHE GIF animata per radioluna_Tavola disegno 1 copia 2 (online-video-cutter.com)\"><img loading=\"lazy\" decoding=\"async\" src=\"https:\/\/www.radioluna.it\/news\/wp-content\/uploads\/2025\/05\/SIMEONE-CERAMICHE-GIF-animata-per-radioluna_Tavola-disegno-1-copia-2-online-video-cutter.com_.gif\" alt=\"\"  width=\"300\" height=\"250\"   \/><\/a><\/div><\/div>","protected":false},"excerpt":{"rendered":"<p>LATINA &#8211; Di parcheggi incivili ne vediamo tanti tutti i giorni: sulle strisce pedonali, agli incroci, davanti agli scivoli che dovrebbero rendere pi\u00f9 semplice la discesa dal marciapiede anche ad una carrozzina o a chi ha problemi di deambulazione. Ma gli automobilisti che erano alla guida delle due auto in foto, oggi hanno davvero conquistato [&hellip;]<\/p>\n","protected":false},"author":60,"featured_media":242619,"comment_status":"open","ping_status":"open","sticky":false,"template":"","format":"standard","meta":{"footnotes":""},"categories":[7],"tags":[],"class_list":["post-242618","post","type-post","status-publish","format-standard","has-post-thumbnail","hentry","category-cronaca"],"_links":{"self":[{"href":"https:\/\/www.radioluna.it\/news\/wp-json\/wp\/v2\/posts\/242618","targetHints":{"allow":["GET"]}}],"collection":[{"href":"https:\/\/www.radioluna.it\/news\/wp-json\/wp\/v2\/posts"}],"about":[{"href":"https:\/\/www.radioluna.it\/news\/wp-json\/wp\/v2\/types\/post"}],"author":[{"embeddable":true,"href":"https:\/\/www.radioluna.it\/news\/wp-json\/wp\/v2\/users\/60"}],"replies":[{"embeddable":true,"href":"https:\/\/www.radioluna.it\/news\/wp-json\/wp\/v2\/comments?post=242618"}],"version-history":[{"count":0,"href":"https:\/\/www.radioluna.it\/news\/wp-json\/wp\/v2\/posts\/242618\/revisions"}],"wp:featuredmedia":[{"embeddable":true,"href":"https:\/\/www.radioluna.it\/news\/wp-json\/wp\/v2\/media\/242619"}],"wp:attachment":[{"href":"https:\/\/www.radioluna.it\/news\/wp-json\/wp\/v2\/media?parent=242618"}],"wp:term":[{"taxonomy":"category","embeddable":true,"href":"https:\/\/www.radioluna.it\/news\/wp-json\/wp\/v2\/categories?post=242618"},{"taxonomy":"post_tag","embeddable":true,"href":"https:\/\/www.radioluna.it\/news\/wp-json\/wp\/v2\/tags?post=242618"}],"curies":[{"name":"wp","href":"https:\/\/api.w.org\/{rel}","templated":true}]}}