{"id":242694,"date":"2019-03-21T09:27:28","date_gmt":"2019-03-21T08:27:28","guid":{"rendered":"https:\/\/www.radioluna.it\/news\/?p=242694"},"modified":"2019-03-26T18:50:47","modified_gmt":"2019-03-26T17:50:47","slug":"film-di-peso-martina-colombari-a-latina-per-il-festival-su-obesita-e-dintorni","status":"publish","type":"post","link":"https:\/\/www.radioluna.it\/news\/2019\/03\/film-di-peso-martina-colombari-a-latina-per-il-festival-su-obesita-e-dintorni\/","title":{"rendered":"Film di Peso, Martina Colombari a Latina per il festival su obesit\u00e0 e dintorni"},"content":{"rendered":"<div id=\"fb-root\"><\/div>\n<p style=\"text-align: justify;\"><strong> <img loading=\"lazy\" decoding=\"async\" class=\"alignnone size-full wp-image-242699\" src=\"https:\/\/www.radioluna.it\/news\/wp-content\/uploads\/2019\/03\/silecchia.jpg\" alt=\"\" width=\"799\" height=\"600\" srcset=\"https:\/\/www.radioluna.it\/news\/wp-content\/uploads\/2019\/03\/silecchia.jpg 799w, https:\/\/www.radioluna.it\/news\/wp-content\/uploads\/2019\/03\/silecchia-300x225.jpg 300w, https:\/\/www.radioluna.it\/news\/wp-content\/uploads\/2019\/03\/silecchia-768x577.jpg 768w\" sizes=\"auto, (max-width: 799px) 100vw, 799px\" \/><\/strong><\/p>\n<p style=\"text-align: justify;\"><strong>LATINA<\/strong> &#8211; <strong>L&#8217;attrice Martina Colombari sar\u00e0 tra gli ospiti di Film di Peso<\/strong>, lo Short Film Festival su obesit\u00e0 e disturbi alimentari lanciato dal <a href=\"https:\/\/www.radioluna.it\/news\/2019\/01\/obesita-operati-al-centro-bariatrico-di-latina-1600-pazienti-oversize\/\">Bariatric Center Of Excellence della Sapienza Universit\u00e0 di Roma Polo Pontino<\/a> in collaborazione con l&#8217;associazione Amici Obesi Onlus e il Comune di Latina. &#8220;Abbiamo deciso di utilizzare l&#8217;espressione artistica per parlare di problemi sempre pi\u00f9 presenti nella nostra societ\u00e0&#8221;, spiega il professor Gianfranco Silecchia, chirurgo, direttore del centro universitario che ha sede presso l&#8217;Icot, ideatore della manifestazione che quest&#8217;anno \u00e8 un contenitore\u00a0 in cui il cinema \u00e8 centrale, ma ci sono anche arte e letteratura, sono state coinvolte le scuole superiori con il concorso <em>Il peso del peso<\/em>, al quale hanno partecipato Grassi, Vittorio Veneto, Manzoni e Liceo Artistico di Latina<em>;<\/em>\u00a0ci sar\u00e0 un momento di musica con l&#8217;esibizione degli studenti del liceo musicale che suoneranno colonne sonore; mentre per gli universitari incontri e dibattiti dedicati su temi specifici.<\/p>\n<p style=\"text-align: justify;\">La data ultima per l&#8217;invio dei film partecipanti era la fine di febbraio e ora l&#8217;organizzazione guarda alle tre giornate in cui saranno proiettati i <strong>13 corti selezionati (la giuria \u00e8 presieduta dal regista Gianfranco Pannone) , i 4 fuori concorso, l&#8217;omaggio ad Ermanno Olmi e il lungometraggio prodotto dal\u00a0 Centro Sperimentale di Cinematografia che racconta la storia della nutrizione in Italia dal primo dopoguerra ad oggi.<\/strong> I film saranno proiettati in due sessioni pomeridiane aperte a tutti dalle 15.30 alle 20.00 <strong>venerdi 5 aprile e sabato 6 aprile 2019 al Cinema Oxer di Latina.<\/strong><\/p>\n<p style=\"text-align: justify;\"><strong>MARTINA COLOMBARI DIALOGO CON GLI UNIVERSITARI<\/strong> &#8211; Nella sala conferenze della facolt\u00e0 di economia <strong>un incontro interattivo dedicato agli studenti universitari con il direttore del centro specializzato per la cura dei disturbi alimentari Villa Miralago lo psichiatra Leonardo Mendolicchio che dialogher\u00e0 con l&#8217;attrice Martina Colombari; ci sar\u00e0 anche uno chef e un talk sulle fake news che riguardano l&#8217;alimentazione.\u00a0<\/strong><\/p>\n<p style=\"text-align: justify;\">&#8220;Ma quest&#8217;anno Film di Peso vuole andare oltre ed esplora il ruolo sociale,\u00a0 di integrazione e di confronto, che il cibo oggi riveste nelle nostra societ\u00e0 e qual \u00e8 anche il momento di incontro e di scontro di culture legato al\u00a0 cibo e all&#8217;alimentazione&#8221;, ha\u00a0 spiegato <strong>il professor Silecchia su Radio Luna<\/strong><\/p>\n<audio class=\"wp-audio-shortcode\" id=\"audio-242694-1\" preload=\"none\" style=\"width: 100%;\" controls=\"controls\"><source type=\"audio\/mpeg\" src=\"https:\/\/www.radioluna.it\/news\/wp-content\/uploads\/2019\/03\/SILECCHIA.mp3?_=1\" \/><a href=\"https:\/\/www.radioluna.it\/news\/wp-content\/uploads\/2019\/03\/SILECCHIA.mp3\">https:\/\/www.radioluna.it\/news\/wp-content\/uploads\/2019\/03\/SILECCHIA.mp3<\/a><\/audio>\n<p style=\"text-align: justify;\"><strong>Il festival \u00e8 gemellato con altri tre festival italiani, CiboCorto, Food Film Festival e Moviemmece Cinefestival.<\/strong><\/p>\n<div class=\"radio-posizionamento-telefono-in-articoli-dopo-il-contenuto-articolo radio-entity-placement\" id=\"radio-3151297802\"><div id=\"radio-2912990873\" style=\"width: 300px;height: 250px;\"><a href=\"https:\/\/www.icarspa.it\/auto\/usate\/latina\/\" aria-label=\"banner aprile icar new life &#8211; auto usate latina\"><img loading=\"lazy\" decoding=\"async\" src=\"https:\/\/www.radioluna.it\/news\/wp-content\/uploads\/2026\/02\/banner-aprile-icar-new-life-auto-usate-latina.gif\" alt=\"\"  width=\"300\" height=\"250\"   \/><\/a><\/div><\/div>","protected":false},"excerpt":{"rendered":"<p>LATINA &#8211; L&#8217;attrice Martina Colombari sar\u00e0 tra gli ospiti di Film di Peso, lo Short Film Festival su obesit\u00e0 e disturbi alimentari lanciato dal Bariatric Center Of Excellence della Sapienza Universit\u00e0 di Roma Polo Pontino in collaborazione con l&#8217;associazione Amici Obesi Onlus e il Comune di Latina. &#8220;Abbiamo deciso di utilizzare l&#8217;espressione artistica per parlare [&hellip;]<\/p>\n","protected":false},"author":62,"featured_media":242697,"comment_status":"open","ping_status":"open","sticky":false,"template":"","format":"standard","meta":{"footnotes":""},"categories":[15,2312],"tags":[],"class_list":["post-242694","post","type-post","status-publish","format-standard","has-post-thumbnail","hentry","category-cultura","category-video"],"_links":{"self":[{"href":"https:\/\/www.radioluna.it\/news\/wp-json\/wp\/v2\/posts\/242694","targetHints":{"allow":["GET"]}}],"collection":[{"href":"https:\/\/www.radioluna.it\/news\/wp-json\/wp\/v2\/posts"}],"about":[{"href":"https:\/\/www.radioluna.it\/news\/wp-json\/wp\/v2\/types\/post"}],"author":[{"embeddable":true,"href":"https:\/\/www.radioluna.it\/news\/wp-json\/wp\/v2\/users\/62"}],"replies":[{"embeddable":true,"href":"https:\/\/www.radioluna.it\/news\/wp-json\/wp\/v2\/comments?post=242694"}],"version-history":[{"count":0,"href":"https:\/\/www.radioluna.it\/news\/wp-json\/wp\/v2\/posts\/242694\/revisions"}],"wp:featuredmedia":[{"embeddable":true,"href":"https:\/\/www.radioluna.it\/news\/wp-json\/wp\/v2\/media\/242697"}],"wp:attachment":[{"href":"https:\/\/www.radioluna.it\/news\/wp-json\/wp\/v2\/media?parent=242694"}],"wp:term":[{"taxonomy":"category","embeddable":true,"href":"https:\/\/www.radioluna.it\/news\/wp-json\/wp\/v2\/categories?post=242694"},{"taxonomy":"post_tag","embeddable":true,"href":"https:\/\/www.radioluna.it\/news\/wp-json\/wp\/v2\/tags?post=242694"}],"curies":[{"name":"wp","href":"https:\/\/api.w.org\/{rel}","templated":true}]}}