{"id":243064,"date":"2019-03-26T19:06:35","date_gmt":"2019-03-26T18:06:35","guid":{"rendered":"https:\/\/www.radioluna.it\/news\/?p=243064"},"modified":"2019-03-27T10:12:43","modified_gmt":"2019-03-27T09:12:43","slug":"processo-al-clan-di-silvio-regione-lazio-parte-civile","status":"publish","type":"post","link":"https:\/\/www.radioluna.it\/news\/2019\/03\/processo-al-clan-di-silvio-regione-lazio-parte-civile\/","title":{"rendered":"Processo al clan Di Silvio accusato di associazione mafiosa. Regione Lazio parte civile"},"content":{"rendered":"<div id=\"fb-root\"><\/div>\n<p style=\"text-align: justify;\"><strong>LATINA<\/strong> &#8211; La Regione Lazio ha chiesto di essere\u00a0 parte civile nel processo contro il clan Di Silvio, cominciato marted\u00ec mattina davanti al Tribunale di Latina. Hanno chiesto di farlo anche le associazioni Antonino Caponnetto e Addio Pizzo. Non si \u00e8 costituito invece il Comune di Latina. Si \u00e8 aperto cos\u00ec, davanti al primo collegio penale presieduto dal giudice Gianluca Soana, il giudizio immediato cautelare contro il gruppo criminale i cui componenti sono stati\u00a0 arrestati dalla Polizia nell&#8217;operazione Alba Pontina coordinata dalla Dda di Roma e dalla Procura di Latina e che per la prima volta \u00e8 accusato di associazione per delinquere aggravata dal metodo mafioso. Il Tribunale dovr\u00e0 innanzitutto\u00a0 decidere se ammettere l&#8217;Ente e le due associazioni\u00a0 come parti civili nel processo. Le difese hanno contestato la mancata trasmissione del decreto di giudizio immediato alle parti offese, alcuni professionisti vittime di estorsioni da parte del clan. Tutto rinviato al 15 maggio dunque per consentire la notifica.<\/p>\n<p style=\"text-align: justify;\">\u201cE\u2019 la prima volta &#8211; dichiara il Presidente dell\u2019Osservatorio per la Sicurezza e la Legalit\u00e0 della Regione Lazio,\u00a0Gianpiero Cioffredi\u00a0&#8211; che a questo clan autoctono viene contestato il reato di associazione a delinquere di stampo mafioso. La costituzione di parte civile della Regione ha il valore di dimostrare concretamente di essere dalla parte dello Stato, dei cittadini e delle vittime delle mafie. Il clan Di Silvio assieme al clan Ciarelli ha rappresentato per anni una seria minaccia per la vita sociale, economica e politica del capoluogo pontino diventando nel tempo, attraverso l\u2019uso cruento della forza e dell\u2019intimidazione il gruppo criminale egemone a Latina\u201d.<\/p>\n<p style=\"text-align: justify;\">Le indagini della squadra mobile della Questura di Latina, in particolare l\u2019Operazione Alba Pontina, hanno consentito di ricostruire la natura criminale del sodalizio dei Di Silvio e di accertare che il clan \u00e8 risultato attivo nella gestione di numerosissime attivit\u00e0 di carattere estorsivo, consumate in danno di imprenditori, commercianti avvocati e liberi professionisti, e nel traffico delle sostanze stupefacenti. I&#8221;l coordinamento delle indagini della Procura di Latina e successivamente della DDA di Roma hanno contribuito a delineare l\u2019evoluzione negli anni della famiglia Di Silvio consentendo ai magistrati di configurare il reato di associazione mafiosa nell\u2019impianto accusatorio del processo cominciato stamattina. Grazie all&#8217;impegno delle forze dell\u2019ordine, della procura di Latina e della Direzione Distrettuale Antimafia della Procura di Roma \u2013 conclude Cioffredi &#8211; \u00a0possiamo dire che la storia criminale del clan Di Silvio sta arrivando\u00a0al capolinea\u201d.<\/p>\n<p style=\"text-align: justify;\">\n<div class=\"radio-posizionamento-telefono-in-articoli-dopo-il-contenuto-articolo radio-entity-placement\" id=\"radio-1165441797\"><div id=\"radio-314253072\"><a href=\"https:\/\/www.simeoneceramiche.com\/\" aria-label=\"SIMEONE CERAMICHE GIF animata per radioluna_Tavola disegno 1 copia 2 (online-video-cutter.com)\"><img loading=\"lazy\" decoding=\"async\" src=\"https:\/\/www.radioluna.it\/news\/wp-content\/uploads\/2025\/05\/SIMEONE-CERAMICHE-GIF-animata-per-radioluna_Tavola-disegno-1-copia-2-online-video-cutter.com_.gif\" alt=\"\"  width=\"300\" height=\"250\"   \/><\/a><\/div><\/div>","protected":false},"excerpt":{"rendered":"<p>LATINA &#8211; La Regione Lazio ha chiesto di essere\u00a0 parte civile nel processo contro il clan Di Silvio, cominciato marted\u00ec mattina davanti al Tribunale di Latina. Hanno chiesto di farlo anche le associazioni Antonino Caponnetto e Addio Pizzo. Non si \u00e8 costituito invece il Comune di Latina. Si \u00e8 aperto cos\u00ec, davanti al primo collegio [&hellip;]<\/p>\n","protected":false},"author":60,"featured_media":224373,"comment_status":"open","ping_status":"open","sticky":false,"template":"","format":"standard","meta":{"footnotes":""},"categories":[7],"tags":[],"class_list":["post-243064","post","type-post","status-publish","format-standard","has-post-thumbnail","hentry","category-cronaca"],"_links":{"self":[{"href":"https:\/\/www.radioluna.it\/news\/wp-json\/wp\/v2\/posts\/243064","targetHints":{"allow":["GET"]}}],"collection":[{"href":"https:\/\/www.radioluna.it\/news\/wp-json\/wp\/v2\/posts"}],"about":[{"href":"https:\/\/www.radioluna.it\/news\/wp-json\/wp\/v2\/types\/post"}],"author":[{"embeddable":true,"href":"https:\/\/www.radioluna.it\/news\/wp-json\/wp\/v2\/users\/60"}],"replies":[{"embeddable":true,"href":"https:\/\/www.radioluna.it\/news\/wp-json\/wp\/v2\/comments?post=243064"}],"version-history":[{"count":0,"href":"https:\/\/www.radioluna.it\/news\/wp-json\/wp\/v2\/posts\/243064\/revisions"}],"wp:featuredmedia":[{"embeddable":true,"href":"https:\/\/www.radioluna.it\/news\/wp-json\/wp\/v2\/media\/224373"}],"wp:attachment":[{"href":"https:\/\/www.radioluna.it\/news\/wp-json\/wp\/v2\/media?parent=243064"}],"wp:term":[{"taxonomy":"category","embeddable":true,"href":"https:\/\/www.radioluna.it\/news\/wp-json\/wp\/v2\/categories?post=243064"},{"taxonomy":"post_tag","embeddable":true,"href":"https:\/\/www.radioluna.it\/news\/wp-json\/wp\/v2\/tags?post=243064"}],"curies":[{"name":"wp","href":"https:\/\/api.w.org\/{rel}","templated":true}]}}