{"id":243066,"date":"2019-04-02T14:43:14","date_gmt":"2019-04-02T12:43:14","guid":{"rendered":"https:\/\/www.radioluna.it\/news\/?p=243066"},"modified":"2019-04-05T10:16:16","modified_gmt":"2019-04-05T08:16:16","slug":"autismo-21-istituti-partecipano-al-concorso-coloriamoci-di-blu","status":"publish","type":"post","link":"https:\/\/www.radioluna.it\/news\/2019\/04\/autismo-21-istituti-partecipano-al-concorso-coloriamoci-di-blu\/","title":{"rendered":"Autismo, 21 scuole partecipano al concorso Coloriamoci di blu"},"content":{"rendered":"<div id=\"fb-root\"><\/div>\n<p style=\"text-align: justify;\"><strong>LATINA &#8211;<\/strong> Marted\u00ec 2 aprile ricorre la Giornata Mondiale della Consapevolezza sull\u2019Autismo istituita dall\u2019Organizzazione delle Nazioni Unite per aumentare la consapevolezza sul disturbo e proporre azioni in grado di contrastare l\u2019isolamento che avvolge chi ne \u00e8 affetto. Con questo spirito le associazioni Forma Mentis APS e LatinAutismo organizzano la prima edizione del concorso \u201cColoriamoci di Blu. L\u2019inclusione sociale attraverso l\u2019arte\u201d rivolto agli alunni dell\u2019ultimo anno delle scuole medie e del primo anno delle superiori di tutta la provincia di Latina.<\/p>\n<p style=\"text-align: justify;\"><strong>21 ISTITUTI IN GARA<\/strong> &#8211; Hanno aderito 21 istituti che, nei giorni scorsi, si sono cimentati nella produzione di elaborati appartenenti alle cinque discipline artistiche previste dal concorso: produzione grafica, musica, fotografia, poesia e street art &#8211; spiegano gli organizzatori &#8211; E sar\u00e0 proprio in quest\u2019ultima disciplina che nella giornata del 2 aprile nella sala conferenze di Palazzo M, otto squadre si sfideranno nella produzione di un elaborato artistico che verr\u00e0 realizzato durante la mattinata. I partecipanti avranno 3 ore a disposizione per la realizzazione del loro quadro e ciascuna squadra avr\u00e0 un tutor del Liceo Artistico di Latina che li affiancher\u00e0 per facilitarli nella realizzazione.<\/p>\n<p style=\"text-align: justify;\"><strong>LA GIURIA<\/strong> &#8211; La giuria sar\u00e0 composta da una commissione costituita da esponenti del mondo della cultura e della scuola che avr\u00e0 il compito di valutare gli elaborati musicali, grafici, fotografici, poetici e di street art con cui le scuole hanno deciso di partecipare al concorso. Gli elaborati saranno POI venduti durante la serata di beneficenza che si svolger\u00e0 venerd\u00ec 10 maggio e il\u00a0 ricavato della vendita devoluto per l\u2019organizzazione dei Summer Camp destinati ai ragazzi affetti dalla sindrome dello spettro autistico.<\/p>\n<p style=\"text-align: justify;\"><strong>L&#8217;OBIETTIVO<\/strong> &#8211; \u201cIntegrare, ma soprattutto includere le persone con disabilit\u00e0 \u00e8 una grande sfida che pu\u00f2 essere vinta puntando sulla competenza e sulla collaborazione. A scuola, prima che altrove, occorre formare alle differenze, accogliendole come eterogeneit\u00e0, attivando percorsi inclusivi. Non basta integrare le diversit\u00e0, occorre invece far spazio alla ricchezza della differenza, adeguando di volta in volta, il noto, in base ad ogni specifica singolarit\u00e0\u201d,\u00a0dichiarano gli organizzatori. L\u2019obiettivo del Concorso \u201cColoriamoci di blu. L\u2019Inclusione sociale attraverso l\u2019arte\u201d \u00e8 quello di promuovere un\u2019iniziativa che coinvolga non solo i ragazzi autistici ma anche gli altri coetanei in un\u2019ottica di inclusione e socializzazione vera. Per questo, per ogni disciplina artistica, alle scuole si chiede di far partecipare gruppi composti da un minimo di 4 ragazzi ad un massimo di 8 con l\u2019inclusione di un ragazzo con disabilit\u00e0.<\/p>\n<p>&nbsp;<\/p>\n<p>&nbsp;<\/p>\n<p>&nbsp;<\/p>\n","protected":false},"excerpt":{"rendered":"<p>LATINA &#8211; Marted\u00ec 2 aprile ricorre la Giornata Mondiale della Consapevolezza sull\u2019Autismo istituita dall\u2019Organizzazione delle Nazioni Unite per aumentare la consapevolezza sul disturbo e proporre azioni in grado di contrastare l\u2019isolamento che avvolge chi ne \u00e8 affetto. Con questo spirito le associazioni Forma Mentis APS e LatinAutismo organizzano la prima edizione del concorso \u201cColoriamoci di [&hellip;]<\/p>\n","protected":false},"author":60,"featured_media":243067,"comment_status":"open","ping_status":"open","sticky":false,"template":"","format":"standard","meta":{"footnotes":""},"categories":[16],"tags":[],"class_list":["post-243066","post","type-post","status-publish","format-standard","has-post-thumbnail","hentry","category-appuntamenti"],"_links":{"self":[{"href":"https:\/\/www.radioluna.it\/news\/wp-json\/wp\/v2\/posts\/243066","targetHints":{"allow":["GET"]}}],"collection":[{"href":"https:\/\/www.radioluna.it\/news\/wp-json\/wp\/v2\/posts"}],"about":[{"href":"https:\/\/www.radioluna.it\/news\/wp-json\/wp\/v2\/types\/post"}],"author":[{"embeddable":true,"href":"https:\/\/www.radioluna.it\/news\/wp-json\/wp\/v2\/users\/60"}],"replies":[{"embeddable":true,"href":"https:\/\/www.radioluna.it\/news\/wp-json\/wp\/v2\/comments?post=243066"}],"version-history":[{"count":0,"href":"https:\/\/www.radioluna.it\/news\/wp-json\/wp\/v2\/posts\/243066\/revisions"}],"wp:featuredmedia":[{"embeddable":true,"href":"https:\/\/www.radioluna.it\/news\/wp-json\/wp\/v2\/media\/243067"}],"wp:attachment":[{"href":"https:\/\/www.radioluna.it\/news\/wp-json\/wp\/v2\/media?parent=243066"}],"wp:term":[{"taxonomy":"category","embeddable":true,"href":"https:\/\/www.radioluna.it\/news\/wp-json\/wp\/v2\/categories?post=243066"},{"taxonomy":"post_tag","embeddable":true,"href":"https:\/\/www.radioluna.it\/news\/wp-json\/wp\/v2\/tags?post=243066"}],"curies":[{"name":"wp","href":"https:\/\/api.w.org\/{rel}","templated":true}]}}