{"id":243069,"date":"2019-03-27T08:28:58","date_gmt":"2019-03-27T07:28:58","guid":{"rendered":"https:\/\/www.radioluna.it\/news\/?p=243069"},"modified":"2019-03-27T09:12:32","modified_gmt":"2019-03-27T08:12:32","slug":"a-latina-film-di-peso-quando-la-medicina-chiede-aiuto-al-cinema","status":"publish","type":"post","link":"https:\/\/www.radioluna.it\/news\/2019\/03\/a-latina-film-di-peso-quando-la-medicina-chiede-aiuto-al-cinema\/","title":{"rendered":"A Latina Film di Peso, quando la medicina chiede aiuto al cinema"},"content":{"rendered":"<div id=\"fb-root\"><\/div>\n<p style=\"text-align: justify;\"><strong>LATINA<\/strong> &#8211; &#8220;Con questo cartellone spero possiate godervi una Grande abbuffata&#8221;. Conclude il suo intervento con una citazione, Stefano Cioffi, regista, fotografo e direttore artistico di Film di Peso, il festival di cortometraggi presentato oggi nella sala De Pasquale del Comune di Latina e incentrato sulla nutrizione, sull&#8217;obesit\u00e0\u00a0 e sui disturbi alimentari. In gara ci sono 13 cortometraggi,\u00a0 &#8220;quest&#8217;anno pi\u00f9 fiction che doc&#8221;, e 4 lavori fuori concorso (tre premiati da altri festival icentrati sul cibo) e un quarto,\u00a0 da battitore libero, del regista di Latina Gianfranco Pannone per la onlus Alessia e i suoi Angeli. Saranno in sala, all&#8217;Oxer il 5 e 6 aprile di pomeriggio, con ingresso gratuito per raccontare con lo strumento potente del cinema, il cibo, la bellezza delle sue diversit\u00e0, ma anche le\u00a0 pesanti implicazioni psicologiche, sociali e relazionali che un rapporto distorto con il cibo pu\u00f2 avere nella vita delle persone.<\/p>\n<p style=\"text-align: justify;\"><strong>IL FESTIVAL TERZA MISSION DEL MONDO ACCADEMICO<\/strong>\u00a0&#8211; Il festival, nato da un&#8217;idea del chirurgo bariatrico Gianfranco Silecchia che dal suo osservatorio ha deciso che si poteva fare qualcosa di pi\u00f9 per combattere, anche fuori dalla sala operatoria, i disturbi del peso, \u00e8 diventato alla sua terza edizione un grande contenitore di arte e informazione per parlare di obesit\u00e0 utilizzando la chiave dell&#8217; intrattenimento:\u00a0\u00abAbbiamo coinvolto, oltre alle scuole secondarie, gli studenti del Corso di Medicina e Chirurgia, i futuri medici \u2013 dichiara il direttore scientifico del Festival e Direttore UOC di Chirurgia Generale &amp; Bariatric Center of Excellence IFSO-EU, Centro di Eccellenza Sicob, Sapienza Universit\u00e0 di Roma Polo Pontino \u2013 si \u00e8 voluto declinare il concept del Festival \u201cFilmdipeso\u201d come terza missione del mondo accademico, oltre a quella didattico-formativa e di ricerca. Vogliamo che l\u2019Universit\u00e0 si inserisca nel territorio nel quale gi\u00e0 opera, svolgendo un\u2019azione culturale di sensibilizzazione e divulgazione scientifica sui temi della nutrizione, dell\u2019obesit\u00e0 e dei disturbi alimentari. Il Dipartimento della Sapienza, che ha sede a Latina, ha accolto la proposta recependola come attivit\u00e0 propria. Ne \u00e8 nato un binomio di eccellenza tra Universit\u00e0 di Roma Sapienza Polo Pontino e Comune di Latina, due garanzie istituzionali e promotori del Festival. Il nostro primo impegno come medici \u00e8 quello di creare la consapevolezza nell\u2019opinione pubblica che l\u2019obesit\u00e0 \u00e8 una grave condizione che mette a serio rischio la salute e la vita. Non possiamo pi\u00f9 ignorare una malattia che colpisce 7 milioni di persone nel nostro Paese, senza contare i 20 milioni in sovrappeso\u00bb.<\/p>\n<p style=\"text-align: justify;\">Nella importante mission, Silecchia ha trovato al suo fianco il\u00a0 Comune di Latina,\u00a0 Amici Obesi onlus, AILO (Associazione Italiana Lotta all\u2019Obesit\u00e0) e Villa Miralago \u2013 Centro di riferimento disturbi alimentari, con il sostegno non condizionante di Johnson&amp;Johnson Medical SpA e Novo Nordisk. \u00abL\u2019obesit\u00e0 \u00e8 un fattore di rischio importante per tante patologie, ma purtroppo ancora non del tutto conosciuto \u2013 dichiara Damiano Coletta, Sindaco di Latina \u2013 bisogna creare la cultura della consapevolezza sapendo informare nella maniera giusta soprattutto le giovani generazioni. E il Festival \u201cFilmdipeso\u201d \u00e8 una maniera giusta che sta diventando tradizione\u00bb.<\/p>\n<p style=\"text-align: justify;\"><strong>I DATI SULL&#8217;OBESITA&#8217;<\/strong> &#8211; Secondo l\u2019Organizzazione Mondiale della Sanit\u00e0 (OMS) la prevalenza dell\u2019obesit\u00e0 a livello globale \u00e8 pi\u00f9 che raddoppiata dal 1980 ad oggi: &#8220;La realt\u00e0 ha superato le proiezioni di cui disponevamo gi\u00e0 da trent&#8217;anni&#8221;,\u00a0la professoressa Frida Leonetti. 1,4 miliardi di adulti (il 35% della popolazione mondiale) ha problemi di eccesso ponderale, di questi mezzo miliardo \u00e8 obeso. I costi sono da capogiro: 760 miliardi di dollari entro il 2025. Il fenomeno \u00e8 in forte crescita e interessa sempre pi\u00f9 anche le fasce giovani della popolazione. &#8220;Occorre un cambio culturale e i medici da soli non possono farcela&#8221;, ha aggiunto la professoressa che dirige la Uoc di Diabetologia della Sapienza Polo Pontino presso il Goretti di Latina.<\/p>\n<p style=\"text-align: justify;\"><strong>IL CARTELLONE<\/strong> &#8211;\u00a0 I cortometraggi in gara, selezionati tra i moltissimi arrivati dall\u2019Italia e dall\u2019estero, che verranno proiettati nel corso delle due giornate all\u2019interno del Multisala Oxer di Latina. Al vincitore la Giuria di esperti, presieduta da Gianfranco Pannone, regista e docente al Centro Sperimentale di Cinematografia di Roma e Palermo, assegner\u00e0 nel corso di una cerimonia di gala, sabato 6 aprile, il Premio Citt\u00e0 di Latina e una menzione speciale per la tematica trattata.<\/p>\n<p style=\"text-align: justify;\">\u00abLa qualit\u00e0 artistica delle opere \u00e8 cresciuta, quest\u2019anno abbiamo dato all\u2019iniziativa la struttura di vero e proprio Festival, non una mera sequenza di \u201ccorti\u201d in gara ma una manifestazione multiculturale e internazionale sul cibo, l\u2019alimentazione e la nutrizione declinata in espressioni squisitamente artistiche, pur restando fortemente ancorata al rigore della tematica scientifica che viene trattata\u00bb, ha sottolineato\u00a0 il direttore artistico Cioffi aggiungendo che quest\u2019anno &#8220;sar\u00e0 presentata una ricca produzione di \u201ccorti\u201d fuori concorso e un emozionante docufilm che racconta l\u2019Italia e il suo rapporto con il cibo dagli Anni \u201950 ad oggi&#8221;.<\/p>\n<p style=\"text-align: justify;\"><strong>I PERSONAGGI, LO CHEF E LA MODELLA<\/strong> &#8211; In questa edizione \u201cFilmdipeso\u201d apre decisamente ai giovani. Nelle due giornate del Festival un ruolo di primo piano avranno i liceali di Latina e gli studenti del Corso di Medicina e Chirurgia Sapienza Universit\u00e0 di Roma Polo Pontino, che saranno direttamente coinvolti nel dibattito medico-scientifico; infine, chef di fama internazionale, come Ugo Patierno, autore del libro \u201cMet\u00e0\u201d ed ex obeso, oltre a personaggi del mondo dello spettacolo tra i quali Martina Colombari, si confronteranno in un contest multiculturale sul cibo, l\u2019alimentazione, il significato di nutrizione e ricette di buona cucina, con importanti voci del giornalismo locale e nazionale che all\u2019interno di talk show dedicati affronteranno anche la spinosa questione delle fake news che invadono la rete sui temi dell\u2019alimentazione e delle diete, e che possono essere contrastate solo attraverso un\u2019informazione corretta e scientificamente validata.<\/p>\n<p>Le due giornate dello Short Film Festival \u201cFilmdipeso\u201d saranno aperte al pubblico, gratuitamente e fino ad esaurimento posti. Per ulteriori informazioni visitare il sito www.filmdipeso.it.<\/p>\n<p style=\"text-align: justify;\">\n","protected":false},"excerpt":{"rendered":"<p>LATINA &#8211; &#8220;Con questo cartellone spero possiate godervi una Grande abbuffata&#8221;. Conclude il suo intervento con una citazione, Stefano Cioffi, regista, fotografo e direttore artistico di Film di Peso, il festival di cortometraggi presentato oggi nella sala De Pasquale del Comune di Latina e incentrato sulla nutrizione, sull&#8217;obesit\u00e0\u00a0 e sui disturbi alimentari. In gara ci [&hellip;]<\/p>\n","protected":false},"author":62,"featured_media":243070,"comment_status":"open","ping_status":"open","sticky":false,"template":"","format":"standard","meta":{"footnotes":""},"categories":[735],"tags":[],"class_list":["post-243069","post","type-post","status-publish","format-standard","has-post-thumbnail","hentry","category-attualita"],"_links":{"self":[{"href":"https:\/\/www.radioluna.it\/news\/wp-json\/wp\/v2\/posts\/243069","targetHints":{"allow":["GET"]}}],"collection":[{"href":"https:\/\/www.radioluna.it\/news\/wp-json\/wp\/v2\/posts"}],"about":[{"href":"https:\/\/www.radioluna.it\/news\/wp-json\/wp\/v2\/types\/post"}],"author":[{"embeddable":true,"href":"https:\/\/www.radioluna.it\/news\/wp-json\/wp\/v2\/users\/62"}],"replies":[{"embeddable":true,"href":"https:\/\/www.radioluna.it\/news\/wp-json\/wp\/v2\/comments?post=243069"}],"version-history":[{"count":0,"href":"https:\/\/www.radioluna.it\/news\/wp-json\/wp\/v2\/posts\/243069\/revisions"}],"wp:featuredmedia":[{"embeddable":true,"href":"https:\/\/www.radioluna.it\/news\/wp-json\/wp\/v2\/media\/243070"}],"wp:attachment":[{"href":"https:\/\/www.radioluna.it\/news\/wp-json\/wp\/v2\/media?parent=243069"}],"wp:term":[{"taxonomy":"category","embeddable":true,"href":"https:\/\/www.radioluna.it\/news\/wp-json\/wp\/v2\/categories?post=243069"},{"taxonomy":"post_tag","embeddable":true,"href":"https:\/\/www.radioluna.it\/news\/wp-json\/wp\/v2\/tags?post=243069"}],"curies":[{"name":"wp","href":"https:\/\/api.w.org\/{rel}","templated":true}]}}