{"id":243153,"date":"2019-03-27T15:56:47","date_gmt":"2019-03-27T14:56:47","guid":{"rendered":"https:\/\/www.radioluna.it\/news\/?p=243153"},"modified":"2019-03-29T19:20:27","modified_gmt":"2019-03-29T18:20:27","slug":"patti-di-collaborazione-il-comune-di-latina-ne-firma-altri-tre","status":"publish","type":"post","link":"https:\/\/www.radioluna.it\/news\/2019\/03\/patti-di-collaborazione-il-comune-di-latina-ne-firma-altri-tre\/","title":{"rendered":"Patti di collaborazione, il Comune di Latina ne firma altri tre"},"content":{"rendered":"<div id=\"fb-root\"><\/div>\n<p style=\"text-align: justify;\">LATINA &#8211; Sono stati firmati oggi in Comune a Latina altri tre Patti di Collaborazione con associazioni di cittadini che hanno manifestato il desiderio di attivarsi nell\u2019amministrazione condivisa di beni comuni.<\/p>\n<p style=\"text-align: justify;\">Il primo accordo \u00e8 stato siglato per la cura del parco giochi di Largo Platone a Latina Scalo. Il Patto prevede la realizzazione di interventi e attivit\u00e0 che possano valorizzare un luogo di incontro dove il senso di comunit\u00e0 \u00e8 gi\u00e0 molto forte. L\u2019associazione firmataria del patto \u00e8 intitolata a Stefania Ferrari, una giovane di Latina Scalo scomparsa 6 anni fa. A lei sabato 30 marzo sar\u00e0 dedicata un\u2019iniziativa, la prima organizzata all\u2019interno del Patto, realizzata in collaborazione con gli scout di Latina Scalo.<\/p>\n<p style=\"text-align: justify;\">\u00c8 un gruppo informale di cittadini residenti in Via Gionchetto ad avere firmato il secondo Patto con il Comune. Anche in questo caso oggetto dell\u2019accordo \u00e8 la valorizzazione di un\u2019area verde, quella che si trova appunto in Via Gionchetto. Il progetto parte dall\u2019idea di unire le nuove generazioni e i residenti del quartiere che negli anni ha visto la costruzione di nuove opere urbanistiche e la crescita in termini numerici della comunit\u00e0. \u00abIl parco inclusivo \u00e8 un\u2019idea di pochi, ma abbiamo bisogno della partecipazione di tutti per realizzarlo\u00bb, hanno detto i firmatari del Patto.<\/p>\n<p style=\"text-align: justify;\">Infine, un terzo accordo \u00e8 stato firmato con l\u2019Associazione &#8220;Conca 1932&#8221; per la cura del parco di Borgo Montello, un\u2019area che si trova in Via Livenza, punto di riferimento per molti cittadini del borgo.<\/p>\n<p style=\"text-align: justify;\">&#8220;\u00c8 bello vedere i cittadini che vivono la propria citt\u00e0 come casa loro &#8211; ha detto l&#8217;assessore Cristina Leggio &#8211; A breve faremo un incontro con i firmatari dei Patti di Collaborazione per elaborare attivit\u00e0 coordinate&#8221;.<\/p>\n<p>&nbsp;<\/p>\n<p>&nbsp;<\/p>\n<div class=\"radio-posizionamento-telefono-in-articoli-dopo-il-contenuto-articolo radio-entity-placement\" id=\"radio-198815566\"><div id=\"radio-1385577544\"><a href=\"https:\/\/www.simeoneceramiche.com\/\" aria-label=\"SIMEONE CERAMICHE GIF animata per radioluna_Tavola disegno 1 copia 2 (online-video-cutter.com)\"><img loading=\"lazy\" decoding=\"async\" src=\"https:\/\/www.radioluna.it\/news\/wp-content\/uploads\/2025\/05\/SIMEONE-CERAMICHE-GIF-animata-per-radioluna_Tavola-disegno-1-copia-2-online-video-cutter.com_.gif\" alt=\"\"  width=\"300\" height=\"250\"   \/><\/a><\/div><\/div>","protected":false},"excerpt":{"rendered":"<p>LATINA &#8211; Sono stati firmati oggi in Comune a Latina altri tre Patti di Collaborazione con associazioni di cittadini che hanno manifestato il desiderio di attivarsi nell\u2019amministrazione condivisa di beni comuni. Il primo accordo \u00e8 stato siglato per la cura del parco giochi di Largo Platone a Latina Scalo. Il Patto prevede la realizzazione di [&hellip;]<\/p>\n","protected":false},"author":60,"featured_media":0,"comment_status":"open","ping_status":"open","sticky":false,"template":"","format":"standard","meta":{"footnotes":""},"categories":[8],"tags":[],"class_list":["post-243153","post","type-post","status-publish","format-standard","hentry","category-politica"],"_links":{"self":[{"href":"https:\/\/www.radioluna.it\/news\/wp-json\/wp\/v2\/posts\/243153","targetHints":{"allow":["GET"]}}],"collection":[{"href":"https:\/\/www.radioluna.it\/news\/wp-json\/wp\/v2\/posts"}],"about":[{"href":"https:\/\/www.radioluna.it\/news\/wp-json\/wp\/v2\/types\/post"}],"author":[{"embeddable":true,"href":"https:\/\/www.radioluna.it\/news\/wp-json\/wp\/v2\/users\/60"}],"replies":[{"embeddable":true,"href":"https:\/\/www.radioluna.it\/news\/wp-json\/wp\/v2\/comments?post=243153"}],"version-history":[{"count":0,"href":"https:\/\/www.radioluna.it\/news\/wp-json\/wp\/v2\/posts\/243153\/revisions"}],"wp:attachment":[{"href":"https:\/\/www.radioluna.it\/news\/wp-json\/wp\/v2\/media?parent=243153"}],"wp:term":[{"taxonomy":"category","embeddable":true,"href":"https:\/\/www.radioluna.it\/news\/wp-json\/wp\/v2\/categories?post=243153"},{"taxonomy":"post_tag","embeddable":true,"href":"https:\/\/www.radioluna.it\/news\/wp-json\/wp\/v2\/tags?post=243153"}],"curies":[{"name":"wp","href":"https:\/\/api.w.org\/{rel}","templated":true}]}}