{"id":243197,"date":"2019-03-28T09:33:23","date_gmt":"2019-03-28T08:33:23","guid":{"rendered":"https:\/\/www.radioluna.it\/news\/?p=243197"},"modified":"2019-03-29T19:20:03","modified_gmt":"2019-03-29T18:20:03","slug":"addio-gemma-giavioli-il-saluto-del-centro-donna-lilith-di-latina","status":"publish","type":"post","link":"https:\/\/www.radioluna.it\/news\/2019\/03\/addio-gemma-giavioli-il-saluto-del-centro-donna-lilith-di-latina\/","title":{"rendered":"Addio Gemma Giavioli, il saluto del Centro Donna Lilith di Latina"},"content":{"rendered":"<div id=\"fb-root\"><\/div>\n<p style=\"text-align: justify;\"><strong>LATINA<\/strong> &#8211; Il Centro Donna Lilith saluta Gemma Giavioli, socia fondatrice dell&#8217;associazione di volontariato che ha dato vita al centro antiviolenza di Latina. Fu sua anche l&#8217;idea del nome\u00a0 Lilith e la grafica con il profilo femminile che ancora oggi \u00e8 il marchio di quello che continua ad essere punto di riferimento e motore delle attivit\u00e0 di\u00a0prevenzione e la lotta alla violenza contro le donne e i minori.<\/p>\n<p style=\"text-align: justify;\">I funerali di Gemma Giavioli saranno celebrati nella cattedrale di San Marco questa mattina (gioved\u00ec 28 marzo) alle 10.<\/p>\n<p style=\"text-align: justify;\">In un post su Fb la ricordano le donne che con lei hanno condiviso l&#8217;impegno: &#8220;La nostra Gemma ci ha lasciate ieri. Al dolore che proviamo, si aggiunge un vuoto difficile da colmare nei nostri cuori e nelle nostre menti. Ma ci ha lasciato\u00a0anche tanti ricordi che fanno un po\u2019 da filo conduttore della nostra storia comune, di femministe impegnate nella vita \u00e8 nell\u2019associazione.<br \/>\nGemma Giavioli,socia fondatrice di quella meravigliosa avventura che \u00e8 il Centro Donna, Gemma la nostra prima vice presidente, Gemma,che ha contribuito a scegliere quel nome Lilith, a significare la forza delle donne contro una cultura patriarcale e maschilista, Gemma, la nostra prima grafica.<br \/>\nEbbene s\u00ec, \u00e8 proprio suo il logo del viso di profilo, che disegnava con leggerezza e velocit\u00e0, nei primi anni, quando i manifesti e i volantini li facevamo a mano, unendo nello stesso foglio calligrafie diverse, in modo caldo.<br \/>\nQuel profilo che ci ha accompagnato nelle varie sedi del Centro Donna, sorridendoci dalle pareti.<\/p>\n<p>Domani alle ore 10.00 presso la Chiesa di San Marco saluteremo Gemma&#8221;.<\/p>\n<div class=\"radio-posizionamento-telefono-in-articoli-dopo-il-contenuto-articolo radio-entity-placement\" id=\"radio-216856486\"><div id=\"radio-1602869042\"><a href=\"https:\/\/grupporedi.it\/\" aria-label=\"Redi-Qr\"><img loading=\"lazy\" decoding=\"async\" src=\"https:\/\/www.radioluna.it\/news\/wp-content\/uploads\/2026\/03\/Redi-Qr.jpg\" alt=\"\"  srcset=\"https:\/\/www.radioluna.it\/news\/wp-content\/uploads\/2026\/03\/Redi-Qr.jpg 800w, https:\/\/www.radioluna.it\/news\/wp-content\/uploads\/2026\/03\/Redi-Qr-768x639.jpg 768w\" sizes=\"(max-width: 800px) 100vw, 800px\" width=\"300\" height=\"250\"   \/><\/a><\/div><\/div>","protected":false},"excerpt":{"rendered":"<p>LATINA &#8211; Il Centro Donna Lilith saluta Gemma Giavioli, socia fondatrice dell&#8217;associazione di volontariato che ha dato vita al centro antiviolenza di Latina. Fu sua anche l&#8217;idea del nome\u00a0 Lilith e la grafica con il profilo femminile che ancora oggi \u00e8 il marchio di quello che continua ad essere punto di riferimento e motore delle [&hellip;]<\/p>\n","protected":false},"author":60,"featured_media":243200,"comment_status":"open","ping_status":"open","sticky":false,"template":"","format":"standard","meta":{"footnotes":""},"categories":[7],"tags":[],"class_list":["post-243197","post","type-post","status-publish","format-standard","has-post-thumbnail","hentry","category-cronaca"],"_links":{"self":[{"href":"https:\/\/www.radioluna.it\/news\/wp-json\/wp\/v2\/posts\/243197","targetHints":{"allow":["GET"]}}],"collection":[{"href":"https:\/\/www.radioluna.it\/news\/wp-json\/wp\/v2\/posts"}],"about":[{"href":"https:\/\/www.radioluna.it\/news\/wp-json\/wp\/v2\/types\/post"}],"author":[{"embeddable":true,"href":"https:\/\/www.radioluna.it\/news\/wp-json\/wp\/v2\/users\/60"}],"replies":[{"embeddable":true,"href":"https:\/\/www.radioluna.it\/news\/wp-json\/wp\/v2\/comments?post=243197"}],"version-history":[{"count":0,"href":"https:\/\/www.radioluna.it\/news\/wp-json\/wp\/v2\/posts\/243197\/revisions"}],"wp:featuredmedia":[{"embeddable":true,"href":"https:\/\/www.radioluna.it\/news\/wp-json\/wp\/v2\/media\/243200"}],"wp:attachment":[{"href":"https:\/\/www.radioluna.it\/news\/wp-json\/wp\/v2\/media?parent=243197"}],"wp:term":[{"taxonomy":"category","embeddable":true,"href":"https:\/\/www.radioluna.it\/news\/wp-json\/wp\/v2\/categories?post=243197"},{"taxonomy":"post_tag","embeddable":true,"href":"https:\/\/www.radioluna.it\/news\/wp-json\/wp\/v2\/tags?post=243197"}],"curies":[{"name":"wp","href":"https:\/\/api.w.org\/{rel}","templated":true}]}}