{"id":243583,"date":"2019-04-02T16:57:52","date_gmt":"2019-04-02T14:57:52","guid":{"rendered":"https:\/\/www.radioluna.it\/news\/?p=243583"},"modified":"2019-04-02T19:24:16","modified_gmt":"2019-04-02T17:24:16","slug":"cori-al-vinitaly-con-cincinnato-marco-carpineti-e-pietra-pinta","status":"publish","type":"post","link":"https:\/\/www.radioluna.it\/news\/2019\/04\/cori-al-vinitaly-con-cincinnato-marco-carpineti-e-pietra-pinta\/","title":{"rendered":"Cori al Vinitaly con Cincinnato, Marco Carpineti e Pietra Pinta"},"content":{"rendered":"<div id=\"fb-root\"><\/div>\n<p style=\"text-align: justify;\"><strong>LATINA &#8211;<\/strong>\u00a0Anche quest\u2019anno l\u2019eccellenza enologica corese sar\u00e0 presente al 53\u00b0 Vinitaly, il prestigioso salone internazionale dei vini e dei distillati, che si svolger\u00e0 al Veronafiere dal 7 al 10 aprile. Nella pi\u00f9 importante manifestazione italiana dedicata al mondo del vino, saranno ancora una volta <strong>le cantine\u00a0Cincinnato,\u00a0Marco Carpineti\u00a0e\u00a0Pietra Pinta\u00a0<\/strong>a promuovere il patrimonio vitivinicolo locale e le sue antiche tradizioni.<\/p>\n<p style=\"text-align: justify;\">Anche in questo 2019 le aziende saranno accompagnate da rappresentanti dell\u2019amministrazione comunale: \u201cSiamo orgogliosi \u2013 cos\u00ec il sindaco Mauro De Lillis e l\u2019assessore all\u2019Agricoltura Simonetta Imperia \u2013 del fatto che Cori sia presente al padiglione Lazio con tre cantine d\u2019eccellenza, che\u00a0ci rappresentano sempre al meglio\u00a0proponendo vini di altissima qualit\u00e0, frutto di passione e professionalit\u00e0 messe insieme. Cori \u00e8 storia e cultura e il vino ne \u00e8 divenuto ambasciatore ormai nel mondo\u201d.<\/p>\n<p style=\"text-align: justify;\">Nel padiglione A della Regione Lazio Pietra Pinta, Carpineti e Cincinnato esporranno <strong>vini che raccontano una storia millenaria, valorizzata con una produzione innovativa<\/strong> orientata al miglioramento qualitativo nel pieno rispetto delle vocazioni autoctone del territorio. Saranno presenti, rispettivamente, negli stand n. 6, n. 34 e n. 56.<\/p>\n<p style=\"text-align: justify;\"><strong>Pietra Pinta<\/strong> porter\u00e0 le ultime annate della sua gamma, ma in particolare offrir\u00e0 una sorpresa ai suoi estimatori. Ci sar\u00e0 infatti un\u2019importante anteprima: l\u2019azienda <strong>per la prima volta imbottiglia il\u00a0Bellone<\/strong>, vitigno autoctono che ben rappresenta il territorio corese, e offrir\u00e0 il nuovo prodotto in degustazione solamente a clienti selezionati.<\/p>\n<p style=\"text-align: justify;\"><strong>Cincinnato, che ha peraltro in programma una linea di vini biologici, presenter\u00e0 la prima annata di\u00a0Puntinata, malvasia del Lazio in purezza:<\/strong> vino bianco, prodotto solo con Malvasia Puntinata o Malvasia del Lazio, una variet\u00e0 a bacca bianca tipica della nostra regione. Ma le novit\u00e0 non finiscono qui. La storica cantina corese presenter\u00e0 anche\u00a0Enyo, riserva di Bellone, e\u00a0Kora, riserva di Nero Buono.<\/p>\n<p style=\"text-align: justify;\"><strong>Marco Carpineti porter\u00e0 per la prima volta a Verona\u00a0Nz\u00f9, vino che nasce da uve Bellone e dall\u2019affinamento in anfore di terracotta.<\/strong> Per l\u2019occasione, per mescere questo prezioso bianco saranno utilizzate piccole anfore realizzate dall\u2019artista corese Martino Antocchi. Inoltre, sar\u00e0 proposta una nuova versione di\u00a0Moro: ora ottenuto solo da uve Greco Moro in purezza e non pi\u00f9 anche da Greco Giallo, e senza pi\u00f9 il passaggio in legno. E poi il Kjus Bobble.<\/p>\n","protected":false},"excerpt":{"rendered":"<p>LATINA &#8211;\u00a0Anche quest\u2019anno l\u2019eccellenza enologica corese sar\u00e0 presente al 53\u00b0 Vinitaly, il prestigioso salone internazionale dei vini e dei distillati, che si svolger\u00e0 al Veronafiere dal 7 al 10 aprile. Nella pi\u00f9 importante manifestazione italiana dedicata al mondo del vino, saranno ancora una volta le cantine\u00a0Cincinnato,\u00a0Marco Carpineti\u00a0e\u00a0Pietra Pinta\u00a0a promuovere il patrimonio vitivinicolo locale e le [&hellip;]<\/p>\n","protected":false},"author":60,"featured_media":243584,"comment_status":"open","ping_status":"open","sticky":false,"template":"","format":"standard","meta":{"footnotes":""},"categories":[11],"tags":[],"class_list":["post-243583","post","type-post","status-publish","format-standard","has-post-thumbnail","hentry","category-economia"],"_links":{"self":[{"href":"https:\/\/www.radioluna.it\/news\/wp-json\/wp\/v2\/posts\/243583","targetHints":{"allow":["GET"]}}],"collection":[{"href":"https:\/\/www.radioluna.it\/news\/wp-json\/wp\/v2\/posts"}],"about":[{"href":"https:\/\/www.radioluna.it\/news\/wp-json\/wp\/v2\/types\/post"}],"author":[{"embeddable":true,"href":"https:\/\/www.radioluna.it\/news\/wp-json\/wp\/v2\/users\/60"}],"replies":[{"embeddable":true,"href":"https:\/\/www.radioluna.it\/news\/wp-json\/wp\/v2\/comments?post=243583"}],"version-history":[{"count":0,"href":"https:\/\/www.radioluna.it\/news\/wp-json\/wp\/v2\/posts\/243583\/revisions"}],"wp:featuredmedia":[{"embeddable":true,"href":"https:\/\/www.radioluna.it\/news\/wp-json\/wp\/v2\/media\/243584"}],"wp:attachment":[{"href":"https:\/\/www.radioluna.it\/news\/wp-json\/wp\/v2\/media?parent=243583"}],"wp:term":[{"taxonomy":"category","embeddable":true,"href":"https:\/\/www.radioluna.it\/news\/wp-json\/wp\/v2\/categories?post=243583"},{"taxonomy":"post_tag","embeddable":true,"href":"https:\/\/www.radioluna.it\/news\/wp-json\/wp\/v2\/tags?post=243583"}],"curies":[{"name":"wp","href":"https:\/\/api.w.org\/{rel}","templated":true}]}}