{"id":243597,"date":"2019-04-02T19:36:08","date_gmt":"2019-04-02T17:36:08","guid":{"rendered":"https:\/\/www.radioluna.it\/news\/?p=243597"},"modified":"2019-04-02T19:36:08","modified_gmt":"2019-04-02T17:36:08","slug":"visite-guidate-dagli-studenti-al-museo-darte-sacra-di-sezze","status":"publish","type":"post","link":"https:\/\/www.radioluna.it\/news\/2019\/04\/visite-guidate-dagli-studenti-al-museo-darte-sacra-di-sezze\/","title":{"rendered":"Visite guidate dagli studenti al Museo d&#8217;arte Sacra di Sezze"},"content":{"rendered":"<div id=\"fb-root\"><\/div>\n<p class=\"m_5847953913862374907western\" align=\"justify\"><strong>SEZZE<\/strong> &#8211; Il prossimo 5 aprile, e per un mese circa, sar\u00e0 possibile accedere al Museo d\u2019Arte sacra di Sezze grazie alle visite guidate dagli studenti. L\u2019iniziativa nasce dalla collaborazione tra il Progetto Policoro e il Museo d\u2019Arte sacra setino, diretto da Don Massimiliano Di Pastina, in occasione del progetto di alternanza scuola-lavoro dal titolo\u00a0<em>Mani in arte: lavorare in un museo<\/em>, in collaborazione con il Liceo Classico di Sezze.<\/p>\n<p class=\"m_5847953913862374907western\" align=\"justify\">Sono 13 gli studenti coinvolti nell\u2019iniziativa, i quali hanno sostenuto un periodo di formazione di 20 ore in aula con giovani laureate in diverse discipline (storia dell\u2019arte, archeologia e scienze dell\u2019educazione), conoscendo da vicino i quadri e gli oggetti sacri esposti nelle sale del museo e la storia della vicina concattedrale di Sezze.<\/p>\n<p class=\"m_5847953913862374907western\" align=\"justify\">Che sia un&#8217;esperienza importante ne \u00e8 convinto anche don Massimiliano Di Pastina: \u00abUn museo non \u00e8 mai soltanto un &#8220;contenitore&#8221; di opere pi\u00f9 o meno preziose o godibili: un museo \u00e8 capace di &#8220;educare&#8221; e ridare vitalit\u00e0 nella misura in cui \u00e8 testimone di un passato in grado di essere rielaborato in scelte concrete e contemporanee.I musei ecclesiastici, poi, si pongono come una particolare forma di evangelizzazione, muovendo i loro passi all&#8217;interno di una sorta di &#8220;teologia della bellezza&#8221; facilmente comprensibile a tutti. Occorre infine sottolineare la particolare &#8220;alleanza&#8221; educativa stretta tra il museo diocesano di Sezze e gli istituti di studi superiori, ove l&#8217;alternanza scuola lavoro offre possibilit\u00e0 concrete ai nostri giovani di affacciarsi al mondo\u00bb.<\/p>\n<p class=\"m_5847953913862374907western\" align=\"justify\">Di ci\u00f2 ne \u00e8 convinta anche la Dirigente scolastica Anna Giorgi: \u00abQuesto progetto ha un grande valore civico. Insegna loro a valorizzare il patrimonio che hanno sotto gli occhi! Hanno tanto i giovani ma non se ne rendono conto, questa proposta \u00e8 la spinta giusta per fargli scoprire le bellezze del territorio\u00bb.<\/p>\n<p class=\"m_5847953913862374907western\" align=\"justify\">Per la riuscita del progetto \u00e8 fondamentale l\u2019apporto del Progetto Policoro diocesano, che ha voluto offrire l\u2019occasione di vivere una valida alternanza scuola-lavoro, che potesse davvero essere in linea con gli studi dei ragazzi e come esperienza per intraprendere una professione nel mondo dei beni culturali. Nella diocesi di pontina il Progetto Policoro \u00e8 nato nel 2013 e su impulso del vescovo Mariano Crociata continua a investire sui giovani affinch\u00e9 siano protagonisti del loro futuro.<\/p>\n","protected":false},"excerpt":{"rendered":"<p>SEZZE &#8211; Il prossimo 5 aprile, e per un mese circa, sar\u00e0 possibile accedere al Museo d\u2019Arte sacra di Sezze grazie alle visite guidate dagli studenti. L\u2019iniziativa nasce dalla collaborazione tra il Progetto Policoro e il Museo d\u2019Arte sacra setino, diretto da Don Massimiliano Di Pastina, in occasione del progetto di alternanza scuola-lavoro dal titolo\u00a0Mani [&hellip;]<\/p>\n","protected":false},"author":62,"featured_media":243598,"comment_status":"open","ping_status":"open","sticky":false,"template":"","format":"standard","meta":{"footnotes":""},"categories":[15],"tags":[],"class_list":["post-243597","post","type-post","status-publish","format-standard","has-post-thumbnail","hentry","category-cultura"],"_links":{"self":[{"href":"https:\/\/www.radioluna.it\/news\/wp-json\/wp\/v2\/posts\/243597","targetHints":{"allow":["GET"]}}],"collection":[{"href":"https:\/\/www.radioluna.it\/news\/wp-json\/wp\/v2\/posts"}],"about":[{"href":"https:\/\/www.radioluna.it\/news\/wp-json\/wp\/v2\/types\/post"}],"author":[{"embeddable":true,"href":"https:\/\/www.radioluna.it\/news\/wp-json\/wp\/v2\/users\/62"}],"replies":[{"embeddable":true,"href":"https:\/\/www.radioluna.it\/news\/wp-json\/wp\/v2\/comments?post=243597"}],"version-history":[{"count":0,"href":"https:\/\/www.radioluna.it\/news\/wp-json\/wp\/v2\/posts\/243597\/revisions"}],"wp:featuredmedia":[{"embeddable":true,"href":"https:\/\/www.radioluna.it\/news\/wp-json\/wp\/v2\/media\/243598"}],"wp:attachment":[{"href":"https:\/\/www.radioluna.it\/news\/wp-json\/wp\/v2\/media?parent=243597"}],"wp:term":[{"taxonomy":"category","embeddable":true,"href":"https:\/\/www.radioluna.it\/news\/wp-json\/wp\/v2\/categories?post=243597"},{"taxonomy":"post_tag","embeddable":true,"href":"https:\/\/www.radioluna.it\/news\/wp-json\/wp\/v2\/tags?post=243597"}],"curies":[{"name":"wp","href":"https:\/\/api.w.org\/{rel}","templated":true}]}}