{"id":243618,"date":"2019-04-03T07:42:41","date_gmt":"2019-04-03T05:42:41","guid":{"rendered":"https:\/\/www.radioluna.it\/news\/?p=243618"},"modified":"2019-04-03T15:06:34","modified_gmt":"2019-04-03T13:06:34","slug":"teatro-dannunzio-la-riapertura-e-un-miraggio-i-lavori-sono-indietro-autorizzazione-impossibile","status":"publish","type":"post","link":"https:\/\/www.radioluna.it\/news\/2019\/04\/teatro-dannunzio-la-riapertura-e-un-miraggio-i-lavori-sono-indietro-autorizzazione-impossibile\/","title":{"rendered":"Teatro D&#8217;Annunzio, la riapertura sembra un miraggio: i lavori sono indietro, autorizzazione impossibile per ora"},"content":{"rendered":"<div id=\"fb-root\"><\/div>\n<p style=\"text-align: justify;\"><strong>LATINA<\/strong> &#8211; Il Teatro D&#8217;Annunzio per ora non riaprir\u00e0. Slitta ancora il risultato che sembrava ormai a portata di mano, in tempo per riprendere la stagione teatrale senza spostamenti. E invece nulla di fatto.\u00a0 lavori sono ancora indietro e l&#8217;ok da parte dei vigili del fuoco all&#8217;ingresso del pubblico non \u00e8 arrivato ieri durante la commissione di vigilanza convocata per l&#8217;analisi tecnica dello stato di avanzamento delle opere necessarie a garantire la sicurezza della struttura. Un&#8217;analisi formale della documentazione, in sostanza. Nulla di pi\u00f9.<\/p>\n<p style=\"text-align: justify;\">Ma a che punto sono in realt\u00e0 i lavori? Il 70% \u00e8 stato eseguito secondo il tecnico incaricato dal Comune, troppo poco per pensare di ottenere l&#8217;ok delle autorit\u00e0 preposte. A quanto si evince, per\u00f2, l&#8217;idea era quella di provare a chiedere l&#8217;autorizzazione a riaprire al pubblico la sola platea, proseguendo nel frattempo i lavori in galleria. Una via non percorribile evidentemente.<\/p>\n<p style=\"text-align: justify;\">La strada sembra ancora lunga: ultimare il 30% dei lavori rimasti, presentare la scia alla quale seguir\u00e0 il sopralluogo dei vigili del fuoco nella struttura per la verifica dei lavori svolti e solo se i tecnici verificheranno che le opere sono state eseguite tutte e sono a regola d&#8217;arte, si avr\u00e0 l&#8217;ok.<\/p>\n<p style=\"text-align: justify;\">Intanto gli spettacoli si sposteranno gioco-forza al teatro Moderno, ipotesi che si voleva scongiurare, mentre ci sarebbe ancora una speranza per i saggi di danza che sono programmati a giugno. Ma il condizionale ormai \u00e8 obbligatorio.<\/p>\n","protected":false},"excerpt":{"rendered":"<p>LATINA &#8211; Il Teatro D&#8217;Annunzio per ora non riaprir\u00e0. Slitta ancora il risultato che sembrava ormai a portata di mano, in tempo per riprendere la stagione teatrale senza spostamenti. E invece nulla di fatto.\u00a0 lavori sono ancora indietro e l&#8217;ok da parte dei vigili del fuoco all&#8217;ingresso del pubblico non \u00e8 arrivato ieri durante la [&hellip;]<\/p>\n","protected":false},"author":62,"featured_media":220318,"comment_status":"open","ping_status":"open","sticky":false,"template":"","format":"standard","meta":{"footnotes":""},"categories":[7],"tags":[],"class_list":["post-243618","post","type-post","status-publish","format-standard","has-post-thumbnail","hentry","category-cronaca"],"_links":{"self":[{"href":"https:\/\/www.radioluna.it\/news\/wp-json\/wp\/v2\/posts\/243618","targetHints":{"allow":["GET"]}}],"collection":[{"href":"https:\/\/www.radioluna.it\/news\/wp-json\/wp\/v2\/posts"}],"about":[{"href":"https:\/\/www.radioluna.it\/news\/wp-json\/wp\/v2\/types\/post"}],"author":[{"embeddable":true,"href":"https:\/\/www.radioluna.it\/news\/wp-json\/wp\/v2\/users\/62"}],"replies":[{"embeddable":true,"href":"https:\/\/www.radioluna.it\/news\/wp-json\/wp\/v2\/comments?post=243618"}],"version-history":[{"count":0,"href":"https:\/\/www.radioluna.it\/news\/wp-json\/wp\/v2\/posts\/243618\/revisions"}],"wp:featuredmedia":[{"embeddable":true,"href":"https:\/\/www.radioluna.it\/news\/wp-json\/wp\/v2\/media\/220318"}],"wp:attachment":[{"href":"https:\/\/www.radioluna.it\/news\/wp-json\/wp\/v2\/media?parent=243618"}],"wp:term":[{"taxonomy":"category","embeddable":true,"href":"https:\/\/www.radioluna.it\/news\/wp-json\/wp\/v2\/categories?post=243618"},{"taxonomy":"post_tag","embeddable":true,"href":"https:\/\/www.radioluna.it\/news\/wp-json\/wp\/v2\/tags?post=243618"}],"curies":[{"name":"wp","href":"https:\/\/api.w.org\/{rel}","templated":true}]}}