{"id":243656,"date":"2019-04-03T15:04:15","date_gmt":"2019-04-03T13:04:15","guid":{"rendered":"https:\/\/www.radioluna.it\/news\/?p=243656"},"modified":"2019-04-05T09:59:19","modified_gmt":"2019-04-05T07:59:19","slug":"a-latina-la-prima-donna-questore-si-e-insediata-rosaria-amato-non-ho-ricette-magiche-ma-lavoro-sodo","status":"publish","type":"post","link":"https:\/\/www.radioluna.it\/news\/2019\/04\/a-latina-la-prima-donna-questore-si-e-insediata-rosaria-amato-non-ho-ricette-magiche-ma-lavoro-sodo\/","title":{"rendered":"A Latina la prima donna Questore, si \u00e8 insediata Rosaria Amato: &#8220;Non ho ricette magiche ma lavoro sodo&#8221;"},"content":{"rendered":"<div id=\"fb-root\"><\/div>\n<p style=\"text-align: justify;\"><strong>LATINA &#8211; <\/strong>A parte le vacanze a Formia da ragazza e qualche bagno a Gaeta e\u00a0 Sperlonga, Rosaria Amato, il nuovo Questore di Latina (titolo da declinare al maschile &#8220;perch\u00e9 \u00e8 una carica istituzionale&#8221;, spiega), del territorio sa ancora molto poco, se non quello che tutti ormai sanno: &#8220;E&#8217; una provincia complessa e studier\u00f2 per conoscerla. Un territorio delicato, ma io sono abituata a lavorare sodo e mi impegner\u00f2 sostenuta anche da una grande passione per il mio lavoro&#8221;, aggiunge durante il primo incontro con i giornalisti\u00a0 nella sala stampa della Questura di Latina dove \u00e8 entrata da meno di ventiquattr&#8217;ore . Un rapido giro in centro citt\u00e0 per dare uno sguardo, la Amato spiega di voler stabilire un rapporto di collaborazione con la cittadinanza. &#8220;E&#8217; fondamentale. Ci tengo anche a sottolineare che sono il Questore della provincia di Latina,\u00a0 e tutti i 33 Comuni devono sapere gi\u00e0 da subito di poter contare sul Questore&#8221;. Il debutto pubblico ufficiale arriver\u00e0 presto, il prossimo 10 aprile, in occasione della festa della Polizia che si terr\u00e0 a Fondi.<\/p>\n<p>Qui le prime parole di saluto ai cittadini<\/p>\n<audio class=\"wp-audio-shortcode\" id=\"audio-243656-1\" preload=\"none\" style=\"width: 100%;\" controls=\"controls\"><source type=\"audio\/mpeg\" src=\"https:\/\/www.radioluna.it\/news\/wp-content\/uploads\/2019\/04\/ROSARIA-AMATO.mp3?_=1\" \/><a href=\"https:\/\/www.radioluna.it\/news\/wp-content\/uploads\/2019\/04\/ROSARIA-AMATO.mp3\">https:\/\/www.radioluna.it\/news\/wp-content\/uploads\/2019\/04\/ROSARIA-AMATO.mp3<\/a><\/audio>\n<p style=\"text-align: justify;\">Cos\u00ec Latina e la sua provincia si colorano sempre pi\u00f9 di donne nei ruoli di comando: c&#8217;\u00e8 il Prefetto Maria Rosa Trio, la Presidente del Tribunale Caterina Chiaravalloti, la Comandante dei vigili del Fuoco Clara Modesto, e sono cinque\u00a0 le sindache elette, Carla Amici, Barbara Petroni, Anna Maria Bilancia, Giada Gervasi e Paola Villa. E da oggi, in un ruolo di vertice tra le autorit\u00e0 provinciali, arriva Rosaria Amato, che \u00e8 anche la prima donna in assoluto a ricoprire l&#8217;incarico di Questore a Latina: &#8220;Dovreste\u00a0 essere contenti, no?&#8221;, sorride per poi ringraziare di quel mazzo di fiori trovato al suo arrivo sulla scrivania, gentile omaggio del suo predecessore, Carmine Belfiore gi\u00e0 in servizio a Roma per garantire la sicurezza del Senato.<\/p>\n<p style=\"text-align: justify;\">E&#8217; il secondo incarico nel Basso Lazio, dopo i 18 mesi trascorsi a Frosinone: &#8220;Lavorer\u00f2 in continuit\u00e0 con chi mi ha preceduto, modulando le attivit\u00e0 in relazione alle esigenze, non ho ricette magiche per risolvere i problemi che certamente non mancano &#8211; dice\u00a0 la Amato &#8211; ma so di avere anche a disposizione una buona squadra&#8221;. L&#8217;impegno contro la criminalit\u00e0 organizzata e la corruzione, attenzione massima ai reati contro le donne &#8220;dove c&#8217;\u00e8 un grande sommerso&#8221;, anche utilizzando gli ammonimenti che sono prerogativa proprio del Questore. E poi un lavoro sulla sicurezza percepita perch\u00e9 &#8220;di fronte alla paura non c&#8217;\u00e8 dato oggettivo che possa tenere &#8211; dice &#8211; e\u00a0 dobbiamo lavorare sul gap che esiste tra sicurezza reale e ci\u00f2 che i cittadini sentono&#8221;.<\/p>\n<p>In bocca al lupo Questore.<\/p>\n","protected":false},"excerpt":{"rendered":"<p>LATINA &#8211; A parte le vacanze a Formia da ragazza e qualche bagno a Gaeta e\u00a0 Sperlonga, Rosaria Amato, il nuovo Questore di Latina (titolo da declinare al maschile &#8220;perch\u00e9 \u00e8 una carica istituzionale&#8221;, spiega), del territorio sa ancora molto poco, se non quello che tutti ormai sanno: &#8220;E&#8217; una provincia complessa e studier\u00f2 per [&hellip;]<\/p>\n","protected":false},"author":62,"featured_media":243660,"comment_status":"open","ping_status":"open","sticky":false,"template":"","format":"standard","meta":{"footnotes":""},"categories":[2310,7],"tags":[],"class_list":["post-243656","post","type-post","status-publish","format-standard","has-post-thumbnail","hentry","category-audio","category-cronaca"],"_links":{"self":[{"href":"https:\/\/www.radioluna.it\/news\/wp-json\/wp\/v2\/posts\/243656","targetHints":{"allow":["GET"]}}],"collection":[{"href":"https:\/\/www.radioluna.it\/news\/wp-json\/wp\/v2\/posts"}],"about":[{"href":"https:\/\/www.radioluna.it\/news\/wp-json\/wp\/v2\/types\/post"}],"author":[{"embeddable":true,"href":"https:\/\/www.radioluna.it\/news\/wp-json\/wp\/v2\/users\/62"}],"replies":[{"embeddable":true,"href":"https:\/\/www.radioluna.it\/news\/wp-json\/wp\/v2\/comments?post=243656"}],"version-history":[{"count":0,"href":"https:\/\/www.radioluna.it\/news\/wp-json\/wp\/v2\/posts\/243656\/revisions"}],"wp:featuredmedia":[{"embeddable":true,"href":"https:\/\/www.radioluna.it\/news\/wp-json\/wp\/v2\/media\/243660"}],"wp:attachment":[{"href":"https:\/\/www.radioluna.it\/news\/wp-json\/wp\/v2\/media?parent=243656"}],"wp:term":[{"taxonomy":"category","embeddable":true,"href":"https:\/\/www.radioluna.it\/news\/wp-json\/wp\/v2\/categories?post=243656"},{"taxonomy":"post_tag","embeddable":true,"href":"https:\/\/www.radioluna.it\/news\/wp-json\/wp\/v2\/tags?post=243656"}],"curies":[{"name":"wp","href":"https:\/\/api.w.org\/{rel}","templated":true}]}}