{"id":243683,"date":"2019-04-03T17:29:57","date_gmt":"2019-04-03T15:29:57","guid":{"rendered":"https:\/\/www.radioluna.it\/news\/?p=243683"},"modified":"2019-04-03T17:29:57","modified_gmt":"2019-04-03T15:29:57","slug":"restyling-del-parco-a-foceverde-grazie-al-progetto-umuganda","status":"publish","type":"post","link":"https:\/\/www.radioluna.it\/news\/2019\/04\/restyling-del-parco-a-foceverde-grazie-al-progetto-umuganda\/","title":{"rendered":"Restyling del parco a Foceverde grazie al progetto Umuganda"},"content":{"rendered":"<div id=\"fb-root\"><\/div>\n<p style=\"text-align: justify;\"><strong>LATINA &#8211;<\/strong>\u00a0Il progetto Umuganda si trasferisce al mare, venerd\u00ec 5 e sabato 6 l&#8217;appuntamento \u00e8 al Piazzale dei Navigatori, a Foceverde dalle 9.00 con una vera e propria task force tra giardinieri e operai del decoro e cittadini volontari. Il progetto Umuganda, partito a giugno 2018, mette insieme cittadini, amministratori, volontari ed immigrati richiedenti asilo per restaurare strutture degradate in spazi e parchi pubblici. Stavolta il restyling riguarder\u00e0 i giochi del parco di Piazzale dei Navigatori, sar\u00e0 tagliata l&#8217;erba se le condizioni meteo lo permettono altrimenti si far\u00e0 appena possibile e ci sar\u00e0 un&#8217;azione di decoro nell&#8217;area del museo storico-archeologico del Procoio di Borgo Sabotino, dove si sar\u00e0 ripulito il tetto dagli aghi di pino e dove sar\u00e0 riverniciata la recinzione. Sar\u00e0 anche pulito il parcheggio di Foceverde con una raccolta differenziata dei rifiuti.<\/p>\n<p style=\"text-align: justify;\">&#8220;Umuganda &#8211; spiega la consigliera comunale di Latina Bene Comune Loretta Isotton &#8211; \u00e8 un&#8217;azione di volontariato sociale attivo tra cittadini virtuosi e richiedenti asilo che insieme all&#8217;amministrazione del Comune di Latina porta decoro in spazi pubblici bisognosi di cure. Venerd\u00ec interverranno i giardinieri del comune, gli operai comunali del decoro urbano, il gruppo degli Alpini della protezione civile di Latina, i giovani della cooperativa Karibu che hanno dato il via a questa serie di iniziative e cittadini virtuosi che si mettono a disposizione per collaborare nel cantiere laborioso. L&#8217;invito a partecipare \u00e8 rivolto a tutti&#8221;.<\/p>\n<p style=\"text-align: justify;\">&#8220;Abbiamo iniziato a lavorare a questo incontro del 5 aprile circa in mese fa &#8211; spiega ancora Isotton &#8211; ed abbiamo scelto il periodo primaverile per il restauro del parco giochi al mare per permettere alle famiglie di usufruirne gi\u00e0 con le belle giornate e proprio in vista della stagione estiva che \u00e8 alle porte. Recentemente ci sono state mosse delle critiche da parte di alcuni consiglieri di minoranza: li ringraziamo per le sollecitazioni, ma rimandiamo al mittente le accuse di sciatteria amministrativa. Conosciamo bene la citt\u00e0 e le sue criticit\u00e0, soprattutto in relazione allo stato di quasi inesistente manutenzione degli spazi pubblici. Il progetto Umuganda \u00e8 nato per questo: un impegno condiviso tra cittadini e amministrazione per la cura degli spazi che sono di tutti. Puntare il dito non serve, anzi, invitiamo gli stessi consiglieri ad unirsi a noi nel fine settimana. Sarebbe un buon esempio, che va oltre il solito gioco delle parti&#8221;.<\/p>\n<p style=\"text-align: justify;\">Il 6 aprile l&#8217;appuntamento \u00e8 invece con la pulizia della spiaggia condivisa con l&#8217;azienda speciale ABC, che inaugurer\u00e0 anche l&#8217;isola ecologica di Via Massaro. &#8220;Esiste una progettualit\u00e0 complessiva &#8211; conclude la consigliera di Lbc &#8211; rivolta a tenere in buono stato le strutture pubbliche che sono beni comuni appartenenti a tutta la comunit\u00e0&#8221;.<\/p>\n<div class=\"radio-posizionamento-telefono-in-articoli-dopo-il-contenuto-articolo radio-entity-placement\" id=\"radio-4243411857\"><div id=\"radio-3824205375\" style=\"width: 300px;height: 250px;\"><a href=\"https:\/\/www.icarspa.it\/auto\/usate\/latina\/\" aria-label=\"banner aprile icar new life &#8211; auto usate latina\"><img loading=\"lazy\" decoding=\"async\" src=\"https:\/\/www.radioluna.it\/news\/wp-content\/uploads\/2026\/02\/banner-aprile-icar-new-life-auto-usate-latina.gif\" alt=\"\"  width=\"300\" height=\"250\"   \/><\/a><\/div><\/div>","protected":false},"excerpt":{"rendered":"<p>LATINA &#8211;\u00a0Il progetto Umuganda si trasferisce al mare, venerd\u00ec 5 e sabato 6 l&#8217;appuntamento \u00e8 al Piazzale dei Navigatori, a Foceverde dalle 9.00 con una vera e propria task force tra giardinieri e operai del decoro e cittadini volontari. Il progetto Umuganda, partito a giugno 2018, mette insieme cittadini, amministratori, volontari ed immigrati richiedenti asilo [&hellip;]<\/p>\n","protected":false},"author":60,"featured_media":0,"comment_status":"open","ping_status":"open","sticky":false,"template":"","format":"standard","meta":{"footnotes":""},"categories":[16],"tags":[],"class_list":["post-243683","post","type-post","status-publish","format-standard","hentry","category-appuntamenti"],"_links":{"self":[{"href":"https:\/\/www.radioluna.it\/news\/wp-json\/wp\/v2\/posts\/243683","targetHints":{"allow":["GET"]}}],"collection":[{"href":"https:\/\/www.radioluna.it\/news\/wp-json\/wp\/v2\/posts"}],"about":[{"href":"https:\/\/www.radioluna.it\/news\/wp-json\/wp\/v2\/types\/post"}],"author":[{"embeddable":true,"href":"https:\/\/www.radioluna.it\/news\/wp-json\/wp\/v2\/users\/60"}],"replies":[{"embeddable":true,"href":"https:\/\/www.radioluna.it\/news\/wp-json\/wp\/v2\/comments?post=243683"}],"version-history":[{"count":0,"href":"https:\/\/www.radioluna.it\/news\/wp-json\/wp\/v2\/posts\/243683\/revisions"}],"wp:attachment":[{"href":"https:\/\/www.radioluna.it\/news\/wp-json\/wp\/v2\/media?parent=243683"}],"wp:term":[{"taxonomy":"category","embeddable":true,"href":"https:\/\/www.radioluna.it\/news\/wp-json\/wp\/v2\/categories?post=243683"},{"taxonomy":"post_tag","embeddable":true,"href":"https:\/\/www.radioluna.it\/news\/wp-json\/wp\/v2\/tags?post=243683"}],"curies":[{"name":"wp","href":"https:\/\/api.w.org\/{rel}","templated":true}]}}