{"id":243750,"date":"2019-04-04T15:12:37","date_gmt":"2019-04-04T13:12:37","guid":{"rendered":"https:\/\/www.radioluna.it\/news\/?p=243750"},"modified":"2019-04-04T15:17:14","modified_gmt":"2019-04-04T13:17:14","slug":"243750","status":"publish","type":"post","link":"https:\/\/www.radioluna.it\/news\/2019\/04\/243750\/","title":{"rendered":"Alla Sapienza torna La Notte Europea della Geografia"},"content":{"rendered":"<div id=\"fb-root\"><\/div>\n<p style=\"text-align: justify;\">ROMA &#8211; Torna la Notte Europea della Geografia, evento pensato per avvicinare il grande pubblico ai temi della geografia e alle sue potenzialit\u00e0 scientifiche e formative con iniziative in tutta Italia e in altri Paesi europei (www.aiig.it\u00a0\u2013\u00a0www.ageiweb.it) che si terr\u00e0 alla Sapienza di Roma venerd\u00ec 5 aprile, dalle 17.30 alle 23.00 presso la Facolt\u00e0 di Lettere e Filosofia.<\/p>\n<p style=\"text-align: justify;\">Nel corso della serata nell\u2019ateneo romano si terranno laboratori didattici, giochi a squadre, percorsi tematici ed espositivi, seminari destinati ai pi\u00f9 piccoli e alle loro famiglie per giocare, divertirsi con la geografia, senza dimenticare l\u2019ambiente e la solidariet\u00e0, incontri che si affiancheranno a conferenze tematiche organizzate con i maggiori esperti del settore.<\/p>\n<p style=\"text-align: justify;\">\u00a0Momento centrale della Notte europea sar\u00e0 l\u2019appuntamento (ore 20,30 Aula Geografia)\u00a0\u00a0\u201cI Colori della Geografia\u201d nel corso del quale, dopo i saluti del Rettore Eugenio Gaudio e del Direttore del Dipartimento di Lettere e Culture Moderne Giovanni Solimine, il presidente di Legambiente Stefano Ciafani, il geografo\u00a0\u00a0Franco Farinelli, il divulgatore e ricercatore CNR Mario Tozzi\u00a0\u00a0insieme\u00a0\u00a0a Riccardo Morri, presidente Associazione Italiana Insegnanti di Geografia si confronteranno sui temi della cultura del territorio e del paesaggio.<\/p>\n<p style=\"text-align: justify;\">\u201cAlcuni si domandano \u2013 sottolinea il geologo Mario Tozzi &#8211; se oggi serva ancora la geografia. La risposta \u00e8 che adesso serve quasi pi\u00f9 di ieri, non pi\u00f9 strumento di dominio del mondo, ma di conoscenza dei territori e dei sapiens. Tutti gli animali si orientano, ma solo i sapiens mettono su carta i propri percorsi interiori. Una carta geografica non \u00e8 solo una rappresentazione ridotta della superficie terrestre, \u00e8 un documento simbolico del nostro passaggio terreno e nell&#8217;era dei satelliti e del digitale vale ancora di pi\u00f9\u201d.<\/p>\n<p style=\"text-align: justify;\">&#8220;Nel nostro Paese &#8211; ha dichiarato Stefano Ciafani &#8211; stanno venendo meno tante certezze, grazie a fake news e a campagne martellanti di disinformazione, con cui vengono messi in discussione principi scientifici fondamentali, che hanno garantito tanti passi in avanti alla societ\u00e0 moderna. Questa preoccupante divaricazione dalla verit\u00e0 vale anche per alcuni problemi ambientali che vengono affrontati con semplificazioni che rischiano di acuirli invece di risolverli. L\u2019ambientalismo scientifico della nostra associazione &#8211; continua Ciafani &#8211;\u00a0\u00a0ci ha permesso dal 1980 di analizzare i fenomeni ambientali nella loro complessit\u00e0, denunciando le politiche e le pratiche dannose e avanzando alternative concrete e realizzabili al modello di sviluppo praticato sinora. La paura del futuro, della scienza, del diverso sono causate anche da una oggettiva emergenza culturale ed educativa, da non sottovalutare. E per fermare questa deriva anche l&#8217;Universit\u00e0 ha un ruolo fondamentale che va ricordato e rivendicato&#8221;<\/p>\n<p style=\"text-align: justify;\">Riccardo Morri, infine, sottolinea come questa iniziativa vuole \u201crispondere alla diffusa domanda di educazione e conoscenza geografica che la societ\u00e0 civile pone ed esprime, ospitando anche quest&#8217;anno i tanti che verranno nella Casa della Geografia alla Sapienza&#8221;.<\/p>\n<p style=\"text-align: justify;\">La manifestazione, patrocinata da Autorit\u00e0 Garante per l\u2019Infanzia e l\u2019Adolescenza, Touring Club Italiano, Unicef Italia, \u00e8 organizzata dall\u2019Associazione Italiana Insegnanti di Geografia (AIIG), in collaborazione con gli studenti e i docenti dei Corsi di Laurea in Scienze Geografiche per l\u2019Ambiente e la Salute (triennale) e in Gestione e valorizzazione del territorio (magistrale) del Dipartimento di Lettere e Culture Moderne della Sapienza Universit\u00e0 di Roma.<\/p>\n<p style=\"text-align: justify;\">Le attivit\u00e0, completamente gratuite, sono aperte a tutti. Parcheggio gratuito all\u2019interno della Citt\u00e0 universitaria.<\/p>\n<div class=\"radio-posizionamento-telefono-in-articoli-dopo-il-contenuto-articolo radio-entity-placement\" id=\"radio-1506537683\"><div id=\"radio-622766436\" style=\"width: 300px;height: 250px;\"><a href=\"https:\/\/www.icarspa.it\/auto\/usate\/latina\/\" aria-label=\"banner aprile icar new life &#8211; auto usate latina\"><img loading=\"lazy\" decoding=\"async\" src=\"https:\/\/www.radioluna.it\/news\/wp-content\/uploads\/2026\/02\/banner-aprile-icar-new-life-auto-usate-latina.gif\" alt=\"\"  width=\"300\" height=\"250\"   \/><\/a><\/div><\/div>","protected":false},"excerpt":{"rendered":"<p>ROMA &#8211; Torna la Notte Europea della Geografia, evento pensato per avvicinare il grande pubblico ai temi della geografia e alle sue potenzialit\u00e0 scientifiche e formative con iniziative in tutta Italia e in altri Paesi europei (www.aiig.it\u00a0\u2013\u00a0www.ageiweb.it) che si terr\u00e0 alla Sapienza di Roma venerd\u00ec 5 aprile, dalle 17.30 alle 23.00 presso la Facolt\u00e0 di [&hellip;]<\/p>\n","protected":false},"author":62,"featured_media":243752,"comment_status":"open","ping_status":"open","sticky":false,"template":"","format":"standard","meta":{"footnotes":""},"categories":[16],"tags":[],"class_list":["post-243750","post","type-post","status-publish","format-standard","has-post-thumbnail","hentry","category-appuntamenti"],"_links":{"self":[{"href":"https:\/\/www.radioluna.it\/news\/wp-json\/wp\/v2\/posts\/243750","targetHints":{"allow":["GET"]}}],"collection":[{"href":"https:\/\/www.radioluna.it\/news\/wp-json\/wp\/v2\/posts"}],"about":[{"href":"https:\/\/www.radioluna.it\/news\/wp-json\/wp\/v2\/types\/post"}],"author":[{"embeddable":true,"href":"https:\/\/www.radioluna.it\/news\/wp-json\/wp\/v2\/users\/62"}],"replies":[{"embeddable":true,"href":"https:\/\/www.radioluna.it\/news\/wp-json\/wp\/v2\/comments?post=243750"}],"version-history":[{"count":0,"href":"https:\/\/www.radioluna.it\/news\/wp-json\/wp\/v2\/posts\/243750\/revisions"}],"wp:featuredmedia":[{"embeddable":true,"href":"https:\/\/www.radioluna.it\/news\/wp-json\/wp\/v2\/media\/243752"}],"wp:attachment":[{"href":"https:\/\/www.radioluna.it\/news\/wp-json\/wp\/v2\/media?parent=243750"}],"wp:term":[{"taxonomy":"category","embeddable":true,"href":"https:\/\/www.radioluna.it\/news\/wp-json\/wp\/v2\/categories?post=243750"},{"taxonomy":"post_tag","embeddable":true,"href":"https:\/\/www.radioluna.it\/news\/wp-json\/wp\/v2\/tags?post=243750"}],"curies":[{"name":"wp","href":"https:\/\/api.w.org\/{rel}","templated":true}]}}