{"id":243988,"date":"2019-04-15T07:37:07","date_gmt":"2019-04-15T05:37:07","guid":{"rendered":"https:\/\/www.radioluna.it\/news\/?p=243988"},"modified":"2019-04-15T08:30:18","modified_gmt":"2019-04-15T06:30:18","slug":"giada-prandi-e-lamore-ai-tempi-di-sh-rek-il-film-arriva-a-latina","status":"publish","type":"post","link":"https:\/\/www.radioluna.it\/news\/2019\/04\/giada-prandi-e-lamore-ai-tempi-di-sh-rek-il-film-arriva-a-latina\/","title":{"rendered":"Giada Prandi e L&#8217;Amore ai tempi di Sh.Rek. Il film arriva a Latina"},"content":{"rendered":"<div id=\"fb-root\"><\/div>\n<p><iframe loading=\"lazy\" title=\"teaser#2 L&#039;AMORE AI TEMPI DI SH.REK.\" width=\"740\" height=\"416\" src=\"https:\/\/www.youtube.com\/embed\/yOBTObGib9k?feature=oembed\" frameborder=\"0\" allow=\"accelerometer; autoplay; clipboard-write; encrypted-media; gyroscope; picture-in-picture; web-share\" referrerpolicy=\"strict-origin-when-cross-origin\" allowfullscreen><\/iframe><\/p>\n<p style=\"text-align: justify;\"><strong>LATINA &#8211; <\/strong>Teresa \u00e8 un medico in carriera in crisi matrimoniale e per uscirne accetta di sottoporsi con il marito alla &#8220;shake rekord&#8221;, una terapia di coppia sperimentale e molto particolare alla quale il professor De Angelis ha dedicato una vita di studi. E&#8217; <em>L&#8217;Amore ai tempi di Sh.Rek, <\/em>commedia psicologica in versione grande schermo, interpretata dall&#8217;attrice di Latina Giada Prandi (Teresa appunto) che presenter\u00e0 al pubblico il film, luned\u00ec prossimo, 15 aprile (alle 21) al Multisala Corso, in compagnia del regista Alessandro Derviso. Un film fatto con passione e cuore e &#8220;con un pizzico di follia da parte dei produttori, per parlare di temi attuali &#8211; \u00a0racconta l&#8217;attrice &#8211; Amore, gelosia, scienza e ambizione si intrecciano in una trama dai risvolti incredibili che non vi svelo del tutto per non togliervi la sorpresa&#8221;.<\/p>\n<p style=\"text-align: justify;\">&#8220;Sono soddisfatta della mia interpretazione, con il regista abbiamo lavorato molto sul personaggio in una chiave tragicomica che \u00e8 quella che io preferisco&#8221;, dice l&#8217;attrice che torna nella citt\u00e0 in cui ha vissuto fino ai 19 anni quando, dopo aver studiato\u00a0 recitazione alla scuola di Enzo Provenzano (&#8220;\u00e8 stato il mio maestro, a lui devo tantissimo&#8221;),\u00a0 l&#8217;Accademia Silvio D&#8217;Amico l&#8217;ha selezionata.<\/p>\n<audio class=\"wp-audio-shortcode\" id=\"audio-243988-1\" preload=\"none\" style=\"width: 100%;\" controls=\"controls\"><source type=\"audio\/mpeg\" src=\"https:\/\/www.radioluna.it\/news\/wp-content\/uploads\/2019\/04\/giada-prandi.mp3?_=1\" \/><a href=\"https:\/\/www.radioluna.it\/news\/wp-content\/uploads\/2019\/04\/giada-prandi.mp3\">https:\/\/www.radioluna.it\/news\/wp-content\/uploads\/2019\/04\/giada-prandi.mp3<\/a><\/audio>\n<p style=\"text-align: justify;\">&#8220;Il messaggio del film? Dire ad ogni persona di non fermarsi, ma di continuare a cercare per trovare quello che vuole davvero dalla vita&#8221;, spiega Giada Prandi. Proprio come \u00e8 accaduto a lei che ha fatto della sua grande passione per cinema e teatro, il mestiere che sognava. &#8220;Tanto, cinema, pubblicit\u00e0, radiodrammi, fiction\u00a0 e da qualche tempo &#8220;anche progetti miei, in cui dire mia&#8221;, come il monologo\u00a0<em>Scritto apposta per me<\/em> di Aldo Nicolai con la regia di Massimo Di Michele o come <em>Dolce attesa per chi &#8220;<\/em>in cui trattiamo il tema di come sia difficile oggi per una coppia fare un figlio, ma sempre in chiave ironica per far appassionare al teatro anche chi lo trova noioso&#8221;.<\/p>\n<p style=\"text-align: justify;\">&#8220;A Latina torno sempre volentieri, \u00e8 la mia citt\u00e0 e mi sento a casa. Spero di vedere tante persone al Corso \u00e8 una commedia che pu\u00f2 farvi divertire, ma anche riflettere&#8221;.<\/p>\n<audio class=\"wp-audio-shortcode\" id=\"audio-243988-2\" preload=\"none\" style=\"width: 100%;\" controls=\"controls\"><source type=\"audio\/mpeg\" src=\"https:\/\/www.radioluna.it\/news\/wp-content\/uploads\/2019\/04\/giada-prandi-2-1.mp3?_=2\" \/><a href=\"https:\/\/www.radioluna.it\/news\/wp-content\/uploads\/2019\/04\/giada-prandi-2-1.mp3\">https:\/\/www.radioluna.it\/news\/wp-content\/uploads\/2019\/04\/giada-prandi-2-1.mp3<\/a><\/audio>\n<p>&nbsp;<\/p>\n","protected":false},"excerpt":{"rendered":"<p>LATINA &#8211; Teresa \u00e8 un medico in carriera in crisi matrimoniale e per uscirne accetta di sottoporsi con il marito alla &#8220;shake rekord&#8221;, una terapia di coppia sperimentale e molto particolare alla quale il professor De Angelis ha dedicato una vita di studi. E&#8217; L&#8217;Amore ai tempi di Sh.Rek, commedia psicologica in versione grande schermo, [&hellip;]<\/p>\n","protected":false},"author":62,"featured_media":243999,"comment_status":"open","ping_status":"open","sticky":false,"template":"","format":"video","meta":{"footnotes":""},"categories":[735,2310],"tags":[],"class_list":["post-243988","post","type-post","status-publish","format-video","has-post-thumbnail","hentry","category-attualita","category-audio","post_format-post-format-video"],"_links":{"self":[{"href":"https:\/\/www.radioluna.it\/news\/wp-json\/wp\/v2\/posts\/243988","targetHints":{"allow":["GET"]}}],"collection":[{"href":"https:\/\/www.radioluna.it\/news\/wp-json\/wp\/v2\/posts"}],"about":[{"href":"https:\/\/www.radioluna.it\/news\/wp-json\/wp\/v2\/types\/post"}],"author":[{"embeddable":true,"href":"https:\/\/www.radioluna.it\/news\/wp-json\/wp\/v2\/users\/62"}],"replies":[{"embeddable":true,"href":"https:\/\/www.radioluna.it\/news\/wp-json\/wp\/v2\/comments?post=243988"}],"version-history":[{"count":0,"href":"https:\/\/www.radioluna.it\/news\/wp-json\/wp\/v2\/posts\/243988\/revisions"}],"wp:featuredmedia":[{"embeddable":true,"href":"https:\/\/www.radioluna.it\/news\/wp-json\/wp\/v2\/media\/243999"}],"wp:attachment":[{"href":"https:\/\/www.radioluna.it\/news\/wp-json\/wp\/v2\/media?parent=243988"}],"wp:term":[{"taxonomy":"category","embeddable":true,"href":"https:\/\/www.radioluna.it\/news\/wp-json\/wp\/v2\/categories?post=243988"},{"taxonomy":"post_tag","embeddable":true,"href":"https:\/\/www.radioluna.it\/news\/wp-json\/wp\/v2\/tags?post=243988"}],"curies":[{"name":"wp","href":"https:\/\/api.w.org\/{rel}","templated":true}]}}