{"id":244050,"date":"2019-04-09T07:13:48","date_gmt":"2019-04-09T05:13:48","guid":{"rendered":"https:\/\/www.radioluna.it\/news\/?p=244050"},"modified":"2019-04-09T07:13:48","modified_gmt":"2019-04-09T05:13:48","slug":"la-grammatica-del-dono-in-un-convegno-presso-la-curia-di-latina","status":"publish","type":"post","link":"https:\/\/www.radioluna.it\/news\/2019\/04\/la-grammatica-del-dono-in-un-convegno-presso-la-curia-di-latina\/","title":{"rendered":"&#8220;La grammatica del dono&#8221; in un convegno presso la Curia di Latina"},"content":{"rendered":"<div id=\"fb-root\"><\/div>\n<p style=\"text-align: justify;\"><strong>LATINA &#8211;<\/strong> Il prossimo 11 aprile, alle 17 presso la curia diocesana di Latina, si terr\u00e0 il convegno su \u00abUna chiesa per gli altri. La grammatica del dono\u00bb, organizzato da Caritas diocesana, Migrantes, Uffici Liturgico ed Ecumenico della diocesi pontina. Tra i relatori: Lidia Maggi, teologa e pastora battista (Ripartire dal vangelo: la grammatica del dono); Oliviero Forti, dell\u2019 Ufficio Immigrazione di Caritas Italiana (Focus sull\u2019immigrazione in Italia); fr. James Puglisi, Direttore del Centro Pro Unione di Roma\u00a0(Collaborazione ecumenica delle chiese di fronte al fenomeno migratorio).<\/p>\n<p style=\"text-align: justify;\">Al centro degli interventi l\u2019accoglienza come parte costitutiva dell\u2019essere cristiano, specie se \u00abl\u2019altro\u00bb \u00e8 pi\u00f9 debole per tante ragioni. La domanda che attraverser\u00e0 il convegno \u00e8 proprio quella di come essere una chiesa aperta alla e sulla citt\u00e0, una chiesa a cui sta a cuore l\u2019altro, soprattutto se pi\u00f9 fragile, vulnerabile e in condizioni di bisogno, semplicemente il \u201cmio prossimo\u201d come dice il vangelo.<\/p>\n<p style=\"text-align: justify;\">\u00abAffrontare una questione come quella dell\u2019accoglienza dei migranti in un territorio come quello pontino in cui sono molto presenti, ci sembrava importante per fare il punto della situazione. Lo vogliamo fare, per\u00f2, anche insieme alle chiese sorelle, perch\u00e9 questo \u00e8 un problema che riguarda tutti e intorno al quale si deve operare con spirito di comunione e di collaborazione anche con gli enti istituzionali preposti\u00bb, ha spiegato Mariangela Petricola, direttrice dell\u2019Ufficio diocesano per il Dialogo Ecumenico e interreligioso.<\/p>\n<p style=\"text-align: justify;\">Il tema dell\u2019accoglienza resta centrale, ha sottolineato anche il direttore della Caritas\/Migrantes diocesana Angelo Raponi: \u00abIl dono di cui si parla nel titolo del nostro Convegno, \u00e8 il dono dell\u2019accoglienza, che \u00e8 un dono soprattutto per le nostre comunit\u00e0, perch\u00e9 ci offre l\u2019occasione di guardare al futuro con pi\u00f9 speranza. L\u2019incontro ci permette di toccare con mano di quante risorse umane, morali e culturali ciascuno \u00e8 portatore, e quanto possono essere ricche e creative le societ\u00e0 che riescono a valorizzare le diversit\u00e0 e mettere a fru\u200btto i talenti di ciascuno in una prospettiva comune. Accogliere \u00e8 il nostro modo di contribuire alla costruzione di una societ\u00e0 rinnovata, capace di lasciarsi alle spalle l\u2019ingiustizia del mondo, e offrire alle generazioni pi\u00f9 giovani un futuro di pace, di crescita economica, di maggiore equit\u00e0 sociale\u00bb.<\/p>\n<p>&nbsp;<\/p>\n<div class=\"radio-posizionamento-telefono-in-articoli-dopo-il-contenuto-articolo radio-entity-placement\" id=\"radio-268748137\"><div id=\"radio-3021827793\"><a href=\"https:\/\/grupporedi.it\/\" aria-label=\"Redi-Qr\"><img loading=\"lazy\" decoding=\"async\" src=\"https:\/\/www.radioluna.it\/news\/wp-content\/uploads\/2026\/03\/Redi-Qr.jpg\" alt=\"\"  srcset=\"https:\/\/www.radioluna.it\/news\/wp-content\/uploads\/2026\/03\/Redi-Qr.jpg 800w, https:\/\/www.radioluna.it\/news\/wp-content\/uploads\/2026\/03\/Redi-Qr-768x639.jpg 768w\" sizes=\"(max-width: 800px) 100vw, 800px\" width=\"300\" height=\"250\"   \/><\/a><\/div><\/div>","protected":false},"excerpt":{"rendered":"<p>LATINA &#8211; Il prossimo 11 aprile, alle 17 presso la curia diocesana di Latina, si terr\u00e0 il convegno su \u00abUna chiesa per gli altri. La grammatica del dono\u00bb, organizzato da Caritas diocesana, Migrantes, Uffici Liturgico ed Ecumenico della diocesi pontina. Tra i relatori: Lidia Maggi, teologa e pastora battista (Ripartire dal vangelo: la grammatica del [&hellip;]<\/p>\n","protected":false},"author":60,"featured_media":111171,"comment_status":"open","ping_status":"open","sticky":false,"template":"","format":"standard","meta":{"footnotes":""},"categories":[16],"tags":[],"class_list":["post-244050","post","type-post","status-publish","format-standard","has-post-thumbnail","hentry","category-appuntamenti"],"_links":{"self":[{"href":"https:\/\/www.radioluna.it\/news\/wp-json\/wp\/v2\/posts\/244050","targetHints":{"allow":["GET"]}}],"collection":[{"href":"https:\/\/www.radioluna.it\/news\/wp-json\/wp\/v2\/posts"}],"about":[{"href":"https:\/\/www.radioluna.it\/news\/wp-json\/wp\/v2\/types\/post"}],"author":[{"embeddable":true,"href":"https:\/\/www.radioluna.it\/news\/wp-json\/wp\/v2\/users\/60"}],"replies":[{"embeddable":true,"href":"https:\/\/www.radioluna.it\/news\/wp-json\/wp\/v2\/comments?post=244050"}],"version-history":[{"count":0,"href":"https:\/\/www.radioluna.it\/news\/wp-json\/wp\/v2\/posts\/244050\/revisions"}],"wp:featuredmedia":[{"embeddable":true,"href":"https:\/\/www.radioluna.it\/news\/wp-json\/wp\/v2\/media\/111171"}],"wp:attachment":[{"href":"https:\/\/www.radioluna.it\/news\/wp-json\/wp\/v2\/media?parent=244050"}],"wp:term":[{"taxonomy":"category","embeddable":true,"href":"https:\/\/www.radioluna.it\/news\/wp-json\/wp\/v2\/categories?post=244050"},{"taxonomy":"post_tag","embeddable":true,"href":"https:\/\/www.radioluna.it\/news\/wp-json\/wp\/v2\/tags?post=244050"}],"curies":[{"name":"wp","href":"https:\/\/api.w.org\/{rel}","templated":true}]}}