{"id":244082,"date":"2019-04-09T14:00:24","date_gmt":"2019-04-09T12:00:24","guid":{"rendered":"https:\/\/www.radioluna.it\/news\/?p=244082"},"modified":"2019-04-12T13:57:51","modified_gmt":"2019-04-12T11:57:51","slug":"a-gaeta-la-settimana-blu-per-la-tutela-del-mare","status":"publish","type":"post","link":"https:\/\/www.radioluna.it\/news\/2019\/04\/a-gaeta-la-settimana-blu-per-la-tutela-del-mare\/","title":{"rendered":"A Gaeta la Settimana Blu per la tutela del mare"},"content":{"rendered":"<div id=\"fb-root\"><\/div>\n<p style=\"text-align: justify;\"><strong>GAETA &#8211;<\/strong> Si chiama la\u00a0Settimana Blu e sar\u00e0 una settimana organizzata per promuovere la cultura della tutela ambientale e del mare. Le\u00a0 istituzioni, il Comune di Gaeta, il Comando Regionale della direzione marittima del Lazio e la Capitaneria di Porto di Gaeta insieme ma anche il mondo imprenditoriale e quello scolastico insieme con &#8220;l&#8217;obiettivo &#8211; spiega il Sindaco Cosmo Mitrano &#8211; di creare in tutti noi una maggior consapevolezza ambientale sollecitando attraverso le iniziative in programma la partecipazione dei pi\u00f9 giovani coinvolgendoli in modo diretto, affinch\u00e9 possano diventare protagonisti nel processo di tutela dell&#8217;ambiente marino che li circonda&#8221;.<\/p>\n<p style=\"text-align: justify;\">Fino al prossimo 13 aprile, il Blu illuminer\u00e0 i luoghi simbolo della Citt\u00e0 di Gaeta: il Palazzo Municipale, la Fontana artistica di S. Francesco. Il Blu \u00e8 anche il colore che illumina via Marina di Serapo e gli stabilimenti balneari. Tra gli eventi in programma, mercoled\u00ec 10, in occasione della &#8220;giornata del mare&#8221; istituita con l\u2019approvazione del nuovo Codice della Nautica da Diporto, alle ore 9 presso la Base Nautica &#8220;Flavio Gioia&#8221; si svolger\u00e0 un&#8217;operazione di raccolta delle micro-plastiche presenti sui fondali. Tale giornata verr\u00e0 arricchita dalla partecipazione degli studenti dell\u2019Istituto Comprensivo &#8220;G. Carducci&#8221; e dell\u2019Istituto Tecnico Nautico\u00a0 &#8220;G. Caboto&#8221; che illustreranno i propri approfondimenti di studi sui progetti legati alla sensibilizzazione ambientale.<\/p>\n<p style=\"text-align: justify;\">\u201cUn&#8217;iniziativa &#8211; sottolinea l&#8217;Assessore alla raccolta differenziata Pasquale De Simone &#8211; finalizzata a stimolare soprattutto gli studenti affinch\u00e9 diventino cittadini attivi e consapevoli del mare e tutori della conservazione e valorizzazione di un bene vitale del pianeta, nonch\u00e9 diffusori di una cultura di cui, storicamente, proprio il mare \u00e8 portatore. In questo senso, come Amministrazione, intendiamo dare un forte segnale finalizzato alla tutela del mare&#8221;.<\/p>\n<p style=\"text-align: justify;\">&#8220;Siamo certi\u00a0 &#8211; aggiunge l&#8217;Assessore all&#8217;Ambiente Teodolinda Morini &#8211; che la settimana blu vedr\u00e0 la partecipazione attenta e proficua dei nostri ragazzi. Loro sono il nostro futuro e a loro dobbiamo trasmettere il valore della tutela dell&#8217;ambiente e del mare&#8221;.<\/p>\n<div class=\"radio-posizionamento-telefono-in-articoli-dopo-il-contenuto-articolo radio-entity-placement\" id=\"radio-1353878516\"><div id=\"radio-2809814037\"><a href=\"https:\/\/grupporedi.it\/\" aria-label=\"Redi-Qr\"><img loading=\"lazy\" decoding=\"async\" src=\"https:\/\/www.radioluna.it\/news\/wp-content\/uploads\/2026\/03\/Redi-Qr.jpg\" alt=\"\"  srcset=\"https:\/\/www.radioluna.it\/news\/wp-content\/uploads\/2026\/03\/Redi-Qr.jpg 800w, https:\/\/www.radioluna.it\/news\/wp-content\/uploads\/2026\/03\/Redi-Qr-768x639.jpg 768w\" sizes=\"(max-width: 800px) 100vw, 800px\" width=\"300\" height=\"250\"   \/><\/a><\/div><\/div>","protected":false},"excerpt":{"rendered":"<p>GAETA &#8211; Si chiama la\u00a0Settimana Blu e sar\u00e0 una settimana organizzata per promuovere la cultura della tutela ambientale e del mare. Le\u00a0 istituzioni, il Comune di Gaeta, il Comando Regionale della direzione marittima del Lazio e la Capitaneria di Porto di Gaeta insieme ma anche il mondo imprenditoriale e quello scolastico insieme con &#8220;l&#8217;obiettivo &#8211; [&hellip;]<\/p>\n","protected":false},"author":62,"featured_media":244083,"comment_status":"open","ping_status":"open","sticky":false,"template":"","format":"standard","meta":{"footnotes":""},"categories":[16],"tags":[],"class_list":["post-244082","post","type-post","status-publish","format-standard","has-post-thumbnail","hentry","category-appuntamenti"],"_links":{"self":[{"href":"https:\/\/www.radioluna.it\/news\/wp-json\/wp\/v2\/posts\/244082","targetHints":{"allow":["GET"]}}],"collection":[{"href":"https:\/\/www.radioluna.it\/news\/wp-json\/wp\/v2\/posts"}],"about":[{"href":"https:\/\/www.radioluna.it\/news\/wp-json\/wp\/v2\/types\/post"}],"author":[{"embeddable":true,"href":"https:\/\/www.radioluna.it\/news\/wp-json\/wp\/v2\/users\/62"}],"replies":[{"embeddable":true,"href":"https:\/\/www.radioluna.it\/news\/wp-json\/wp\/v2\/comments?post=244082"}],"version-history":[{"count":0,"href":"https:\/\/www.radioluna.it\/news\/wp-json\/wp\/v2\/posts\/244082\/revisions"}],"wp:featuredmedia":[{"embeddable":true,"href":"https:\/\/www.radioluna.it\/news\/wp-json\/wp\/v2\/media\/244083"}],"wp:attachment":[{"href":"https:\/\/www.radioluna.it\/news\/wp-json\/wp\/v2\/media?parent=244082"}],"wp:term":[{"taxonomy":"category","embeddable":true,"href":"https:\/\/www.radioluna.it\/news\/wp-json\/wp\/v2\/categories?post=244082"},{"taxonomy":"post_tag","embeddable":true,"href":"https:\/\/www.radioluna.it\/news\/wp-json\/wp\/v2\/tags?post=244082"}],"curies":[{"name":"wp","href":"https:\/\/api.w.org\/{rel}","templated":true}]}}