{"id":244312,"date":"2019-04-11T14:53:44","date_gmt":"2019-04-11T12:53:44","guid":{"rendered":"https:\/\/www.radioluna.it\/news\/?p=244312"},"modified":"2019-04-15T10:53:26","modified_gmt":"2019-04-15T08:53:26","slug":"via-crucis-la-passione-nellarea-archeologica-privernum","status":"publish","type":"post","link":"https:\/\/www.radioluna.it\/news\/2019\/04\/via-crucis-la-passione-nellarea-archeologica-privernum\/","title":{"rendered":"Via Crucis, la Passione nell&#8217;Area Archeologica Privernum"},"content":{"rendered":"<div id=\"fb-root\"><\/div>\n<p style=\"text-align: justify;\"><strong>PRIVERNO<\/strong> &#8211; Una via crucis in notturna nell&#8217;area Archeologica di Priverno. L&#8217;appuntamento per chi vorr\u00e0 partecipare e alle 21 di venerd\u00ec 12 aprile nel parcheggio lungo il lato della Via Carpinetana. &#8220;Un luogo dove il tempo sembra fermarsi, \u00e8 il tempo dell\u2019interiorizzazione del Mistero. E\u2019 buio, tutto intorno l\u2019antica pianura si anima al canto dei fedeli. Le Domus al loro arrivo si arrestano: si prega. Si medita&#8221;. Cos\u00ec descrive questa suggestiva Passione, Margherita Cancellieri.<br \/>\nL&#8217;iniziativa si svolger\u00e0 per iniziativa di Don Alessandro e della comunit\u00e0 parrocchiale Madonna di Pompei, Santuario Madonna di Mezzagosto, Ceriara di Priverno.<\/p>\n<p style=\"text-align: justify;\">In caso di maltempo la Via Crucis sar\u00e0 posticipata a domenica 14 aprile sempre alle ore 21,00 presso l\u2019area archeologica Privernum.<\/p>\n<div class=\"radio-posizionamento-telefono-in-articoli-dopo-il-contenuto-articolo radio-entity-placement\" id=\"radio-679268948\"><div id=\"radio-2202259312\" style=\"width: 300px;height: 250px;\"><a href=\"https:\/\/www.icarspa.it\/auto\/usate\/latina\/\" aria-label=\"banner aprile icar new life &#8211; auto usate latina\"><img loading=\"lazy\" decoding=\"async\" src=\"https:\/\/www.radioluna.it\/news\/wp-content\/uploads\/2026\/02\/banner-aprile-icar-new-life-auto-usate-latina.gif\" alt=\"\"  width=\"300\" height=\"250\"   \/><\/a><\/div><\/div>","protected":false},"excerpt":{"rendered":"<p>PRIVERNO &#8211; Una via crucis in notturna nell&#8217;area Archeologica di Priverno. L&#8217;appuntamento per chi vorr\u00e0 partecipare e alle 21 di venerd\u00ec 12 aprile nel parcheggio lungo il lato della Via Carpinetana. &#8220;Un luogo dove il tempo sembra fermarsi, \u00e8 il tempo dell\u2019interiorizzazione del Mistero. E\u2019 buio, tutto intorno l\u2019antica pianura si anima al canto dei [&hellip;]<\/p>\n","protected":false},"author":60,"featured_media":244313,"comment_status":"open","ping_status":"open","sticky":false,"template":"","format":"standard","meta":{"footnotes":""},"categories":[16],"tags":[],"class_list":["post-244312","post","type-post","status-publish","format-standard","has-post-thumbnail","hentry","category-appuntamenti"],"_links":{"self":[{"href":"https:\/\/www.radioluna.it\/news\/wp-json\/wp\/v2\/posts\/244312","targetHints":{"allow":["GET"]}}],"collection":[{"href":"https:\/\/www.radioluna.it\/news\/wp-json\/wp\/v2\/posts"}],"about":[{"href":"https:\/\/www.radioluna.it\/news\/wp-json\/wp\/v2\/types\/post"}],"author":[{"embeddable":true,"href":"https:\/\/www.radioluna.it\/news\/wp-json\/wp\/v2\/users\/60"}],"replies":[{"embeddable":true,"href":"https:\/\/www.radioluna.it\/news\/wp-json\/wp\/v2\/comments?post=244312"}],"version-history":[{"count":0,"href":"https:\/\/www.radioluna.it\/news\/wp-json\/wp\/v2\/posts\/244312\/revisions"}],"wp:featuredmedia":[{"embeddable":true,"href":"https:\/\/www.radioluna.it\/news\/wp-json\/wp\/v2\/media\/244313"}],"wp:attachment":[{"href":"https:\/\/www.radioluna.it\/news\/wp-json\/wp\/v2\/media?parent=244312"}],"wp:term":[{"taxonomy":"category","embeddable":true,"href":"https:\/\/www.radioluna.it\/news\/wp-json\/wp\/v2\/categories?post=244312"},{"taxonomy":"post_tag","embeddable":true,"href":"https:\/\/www.radioluna.it\/news\/wp-json\/wp\/v2\/tags?post=244312"}],"curies":[{"name":"wp","href":"https:\/\/api.w.org\/{rel}","templated":true}]}}