{"id":244348,"date":"2019-04-12T07:32:51","date_gmt":"2019-04-12T05:32:51","guid":{"rendered":"https:\/\/www.radioluna.it\/news\/?p=244348"},"modified":"2019-04-12T10:40:18","modified_gmt":"2019-04-12T08:40:18","slug":"europee-un-comitato-civico-per-nicola-procaccini","status":"publish","type":"post","link":"https:\/\/www.radioluna.it\/news\/2019\/04\/europee-un-comitato-civico-per-nicola-procaccini\/","title":{"rendered":"Europee, un comitato civico per Nicola Procaccini"},"content":{"rendered":"<div id=\"fb-root\"><\/div>\n<p style=\"text-align: justify;\"><strong>LATINA<\/strong> &#8211; Un comitato civico per sostenere la candidatura a Parlamentare Europeo del sindaco di Terracina Nicola Procaccini. E&#8217; stato presentato ieri a Latina dal neo senatore Nicola Calandrini con\u00a0due dei promotori: l&#8217;ex onorevole di Forza Italia Vincenzo Bianchi e l&#8217;ex consigliere comunale di Latina di An, Cesare Bruni.<\/p>\n<p style=\"text-align: justify;\">&#8220;Il comitato nasce dall\u2019esigenza di avere uno strumento che possa mettere insieme persone di diversa estrazione politica, professionale e sociale, che si riconoscono nella figura del sindaco di Terracina&#8221;, ha spiegato Calandrini ai presenti nella sala Conferenze del Palacultura. &#8220;Nicola Procaccini \u00e8 una persona per bene, dobbiamo dargli il consenso necessario, per la citt\u00e0 e per il territorio che sono nel deserto pi\u00f9 assoluto\u201d, ha aggiunto Vincenzo Bianchi. \u201cIl nostro territorio \u00e8 orfano di un rappresentante europeo da anni, abbiamo il diritto e il dovere di esprimere un rappresentante nel Parlamento Europeo\u201d, ha rinforzato Cesare Bruni.<\/p>\n<p style=\"text-align: justify;\">Il protagonista non ha nascosto la sua soddisfazione per l&#8217;iniziativa che punta ad allargare il consenso oltre l&#8217;elettorato\u00a0 di Fratelli D&#8217;Italia: \u201cEssere sindaco di Terracina \u00e8 stata una grande palestra di vita e di amministrazione. Ad oggi questo percorso mi ha fatto conquistare una credibilit\u00e0 anche fuori dalla mia citt\u00e0. Questo mi inorgoglisce e mi ha spinto alla candidatura con la volont\u00e0 di rappresentare qualcosa di pi\u00f9 ampio. L\u2019idea che la provincia possa avere un punto di riferimento nel consesso istituzionale pi\u00f9 alto mi stimola molto\u201d, ha dichiarato Nicola Procaccini<\/p>\n<p>&nbsp;<\/p>\n","protected":false},"excerpt":{"rendered":"<p>LATINA &#8211; Un comitato civico per sostenere la candidatura a Parlamentare Europeo del sindaco di Terracina Nicola Procaccini. E&#8217; stato presentato ieri a Latina dal neo senatore Nicola Calandrini con\u00a0due dei promotori: l&#8217;ex onorevole di Forza Italia Vincenzo Bianchi e l&#8217;ex consigliere comunale di Latina di An, Cesare Bruni. &#8220;Il comitato nasce dall\u2019esigenza di avere [&hellip;]<\/p>\n","protected":false},"author":60,"featured_media":244349,"comment_status":"open","ping_status":"open","sticky":false,"template":"","format":"standard","meta":{"footnotes":""},"categories":[8],"tags":[],"class_list":["post-244348","post","type-post","status-publish","format-standard","has-post-thumbnail","hentry","category-politica"],"_links":{"self":[{"href":"https:\/\/www.radioluna.it\/news\/wp-json\/wp\/v2\/posts\/244348","targetHints":{"allow":["GET"]}}],"collection":[{"href":"https:\/\/www.radioluna.it\/news\/wp-json\/wp\/v2\/posts"}],"about":[{"href":"https:\/\/www.radioluna.it\/news\/wp-json\/wp\/v2\/types\/post"}],"author":[{"embeddable":true,"href":"https:\/\/www.radioluna.it\/news\/wp-json\/wp\/v2\/users\/60"}],"replies":[{"embeddable":true,"href":"https:\/\/www.radioluna.it\/news\/wp-json\/wp\/v2\/comments?post=244348"}],"version-history":[{"count":0,"href":"https:\/\/www.radioluna.it\/news\/wp-json\/wp\/v2\/posts\/244348\/revisions"}],"wp:featuredmedia":[{"embeddable":true,"href":"https:\/\/www.radioluna.it\/news\/wp-json\/wp\/v2\/media\/244349"}],"wp:attachment":[{"href":"https:\/\/www.radioluna.it\/news\/wp-json\/wp\/v2\/media?parent=244348"}],"wp:term":[{"taxonomy":"category","embeddable":true,"href":"https:\/\/www.radioluna.it\/news\/wp-json\/wp\/v2\/categories?post=244348"},{"taxonomy":"post_tag","embeddable":true,"href":"https:\/\/www.radioluna.it\/news\/wp-json\/wp\/v2\/tags?post=244348"}],"curies":[{"name":"wp","href":"https:\/\/api.w.org\/{rel}","templated":true}]}}