{"id":244584,"date":"2019-04-15T11:50:17","date_gmt":"2019-04-15T09:50:17","guid":{"rendered":"https:\/\/www.radioluna.it\/news\/?p=244584"},"modified":"2019-04-15T11:50:51","modified_gmt":"2019-04-15T09:50:51","slug":"europee-il-sindaco-di-fondi-salvatore-de-meo-candidato-di-forza-italia","status":"publish","type":"post","link":"https:\/\/www.radioluna.it\/news\/2019\/04\/europee-il-sindaco-di-fondi-salvatore-de-meo-candidato-di-forza-italia\/","title":{"rendered":"Europee, il sindaco di Fondi Salvatore De Meo candidato di Forza Italia"},"content":{"rendered":"<div id=\"fb-root\"><\/div>\n<p style=\"text-align: justify;\"><strong>LATINA &#8211;<\/strong> Il sindaco di Fondi Salvatore De Meo, \u00e8 ufficialmente candidato da Forza Italia nella Circoscrizione Italia Centrale (Lazio, Umbria, Marche e Toscana) alle elezioni del 26 maggio 2019 per il rinnovo del Parlamento Europeo.<\/p>\n<p style=\"text-align: justify;\">La presentazione ufficiale della candidatura si terr\u00e0 marted\u00ec 16 aprile alle ore 16.30 a Latina presso l\u2019Hotel Europa con la partecipazione del Coordinatore regionale di Forza Italia Senatore Claudio Fazzone e del Coordinatore provinciale Alessandro Calvi.<\/p>\n<p style=\"text-align: justify;\">&#8220;Rinnovarsi proprio a partire dai territori&#8221;, \u00e8 stato l&#8217;appello che De Meo ha rivolto alcuni giorni fa in occasione dell\u2019Assemblea Nazionale degli Azzurri. Lo slogan della sua campagna elettorale \u00e8 \u201cInsieme in Europa diamo forza al nostro territorio\u201d che vuole esprimere &#8220;la voglia e la determinazione di tante persone che si riconoscono in un\u00a0 progetto politico, caratterizzato dalla sana passione, di impegnarsi tutte insieme per migliorare le rispettive comunit\u00e0, consapevoli che solo restando uniti si pu\u00f2 dare concretezza ai propri progetti e soprattutto convinti che l\u2019Europa, pur rappresentando una grande opportunit\u00e0 per tutte le sfide del futuro, deve aprirsi ad un confronto interno nel quale rivedere alcune condizioni che le permettano di armonizzare meglio le esigenze e le aspettative di tutti gli Stati membri&#8221;.<\/p>\n<p style=\"text-align: justify;\">La macchina di Forza Italia si \u00e8 messa in moto. Il pi\u00f9 diretto concorrente \u00e8 l&#8217;altro candidato pontino del centro-destra, Nicola Procaccini candidato con Fratelli d&#8217;Italia.<\/p>\n","protected":false},"excerpt":{"rendered":"<p>LATINA &#8211; Il sindaco di Fondi Salvatore De Meo, \u00e8 ufficialmente candidato da Forza Italia nella Circoscrizione Italia Centrale (Lazio, Umbria, Marche e Toscana) alle elezioni del 26 maggio 2019 per il rinnovo del Parlamento Europeo. La presentazione ufficiale della candidatura si terr\u00e0 marted\u00ec 16 aprile alle ore 16.30 a Latina presso l\u2019Hotel Europa con [&hellip;]<\/p>\n","protected":false},"author":60,"featured_media":110588,"comment_status":"open","ping_status":"open","sticky":false,"template":"","format":"standard","meta":{"footnotes":""},"categories":[8],"tags":[],"class_list":["post-244584","post","type-post","status-publish","format-standard","has-post-thumbnail","hentry","category-politica"],"_links":{"self":[{"href":"https:\/\/www.radioluna.it\/news\/wp-json\/wp\/v2\/posts\/244584","targetHints":{"allow":["GET"]}}],"collection":[{"href":"https:\/\/www.radioluna.it\/news\/wp-json\/wp\/v2\/posts"}],"about":[{"href":"https:\/\/www.radioluna.it\/news\/wp-json\/wp\/v2\/types\/post"}],"author":[{"embeddable":true,"href":"https:\/\/www.radioluna.it\/news\/wp-json\/wp\/v2\/users\/60"}],"replies":[{"embeddable":true,"href":"https:\/\/www.radioluna.it\/news\/wp-json\/wp\/v2\/comments?post=244584"}],"version-history":[{"count":0,"href":"https:\/\/www.radioluna.it\/news\/wp-json\/wp\/v2\/posts\/244584\/revisions"}],"wp:featuredmedia":[{"embeddable":true,"href":"https:\/\/www.radioluna.it\/news\/wp-json\/wp\/v2\/media\/110588"}],"wp:attachment":[{"href":"https:\/\/www.radioluna.it\/news\/wp-json\/wp\/v2\/media?parent=244584"}],"wp:term":[{"taxonomy":"category","embeddable":true,"href":"https:\/\/www.radioluna.it\/news\/wp-json\/wp\/v2\/categories?post=244584"},{"taxonomy":"post_tag","embeddable":true,"href":"https:\/\/www.radioluna.it\/news\/wp-json\/wp\/v2\/tags?post=244584"}],"curies":[{"name":"wp","href":"https:\/\/api.w.org\/{rel}","templated":true}]}}