{"id":244619,"date":"2019-04-15T18:47:29","date_gmt":"2019-04-15T16:47:29","guid":{"rendered":"https:\/\/www.radioluna.it\/news\/?p=244619"},"modified":"2019-04-15T18:47:29","modified_gmt":"2019-04-15T16:47:29","slug":"guglietta-e-mastrobattista-entrano-in-fratelli-ditalia","status":"publish","type":"post","link":"https:\/\/www.radioluna.it\/news\/2019\/04\/guglietta-e-mastrobattista-entrano-in-fratelli-ditalia\/","title":{"rendered":"Guglietta e Mastrobattista entrano in Fratelli d&#8217;Italia"},"content":{"rendered":"<div id=\"fb-root\"><\/div>\n<p style=\"text-align: justify;\"><strong>LATINA &#8211; <\/strong>Il viceportavoce regionale di Fratelli d&#8217;Italia, Enrico Tiero annuncia l&#8217;ingresso nel partitodi Pasqualino Guglietta consigliere comunale di Lenola e Marco\u00a0 Mastrobattista.\u00a0I due nuovi ingressi, per il vice portavoce, dimostrano \u201cche siamo un partito attrattivo. Proseguiamo lungo questa strada dando una linea politica forte, credibile, seria. E noi in provincia di Latina da oggi abbiamo ancora pi\u00f9 forza di farlo\u201d. \u201cNon possiamo far finta di nulla \u2013 conclude Tiero \u2013 mentre il Paese \u00e8 entrato in recessione e il Pil \u00e8 in caduta libera. Dobbiamo avere senso di responsabilit\u00e0 e lavorare a qualsiasi livello, per costruire l\u2019alternativa ai cinque stelle e alla sinistra.\u00a0L&#8217;esperienza esperienza amministrativa dei due nuovi ingressi e il loro grande lavoro nel territorio non possono che fare bene al nostro partito, in una fase in cui, sono convinto, FdI \u00e8 l\u2019unica forza del centrodestra in grado di riportare questo nostro Paese nella giusta via\u201d<\/p>\n","protected":false},"excerpt":{"rendered":"<p>LATINA &#8211; Il viceportavoce regionale di Fratelli d&#8217;Italia, Enrico Tiero annuncia l&#8217;ingresso nel partitodi Pasqualino Guglietta consigliere comunale di Lenola e Marco\u00a0 Mastrobattista.\u00a0I due nuovi ingressi, per il vice portavoce, dimostrano \u201cche siamo un partito attrattivo. Proseguiamo lungo questa strada dando una linea politica forte, credibile, seria. E noi in provincia di Latina da oggi [&hellip;]<\/p>\n","protected":false},"author":60,"featured_media":0,"comment_status":"open","ping_status":"open","sticky":false,"template":"","format":"standard","meta":{"footnotes":""},"categories":[8],"tags":[],"class_list":["post-244619","post","type-post","status-publish","format-standard","hentry","category-politica"],"_links":{"self":[{"href":"https:\/\/www.radioluna.it\/news\/wp-json\/wp\/v2\/posts\/244619","targetHints":{"allow":["GET"]}}],"collection":[{"href":"https:\/\/www.radioluna.it\/news\/wp-json\/wp\/v2\/posts"}],"about":[{"href":"https:\/\/www.radioluna.it\/news\/wp-json\/wp\/v2\/types\/post"}],"author":[{"embeddable":true,"href":"https:\/\/www.radioluna.it\/news\/wp-json\/wp\/v2\/users\/60"}],"replies":[{"embeddable":true,"href":"https:\/\/www.radioluna.it\/news\/wp-json\/wp\/v2\/comments?post=244619"}],"version-history":[{"count":0,"href":"https:\/\/www.radioluna.it\/news\/wp-json\/wp\/v2\/posts\/244619\/revisions"}],"wp:attachment":[{"href":"https:\/\/www.radioluna.it\/news\/wp-json\/wp\/v2\/media?parent=244619"}],"wp:term":[{"taxonomy":"category","embeddable":true,"href":"https:\/\/www.radioluna.it\/news\/wp-json\/wp\/v2\/categories?post=244619"},{"taxonomy":"post_tag","embeddable":true,"href":"https:\/\/www.radioluna.it\/news\/wp-json\/wp\/v2\/tags?post=244619"}],"curies":[{"name":"wp","href":"https:\/\/api.w.org\/{rel}","templated":true}]}}