{"id":244774,"date":"2019-04-19T07:14:52","date_gmt":"2019-04-19T05:14:52","guid":{"rendered":"https:\/\/www.radioluna.it\/news\/?p=244774"},"modified":"2019-04-19T07:14:52","modified_gmt":"2019-04-19T05:14:52","slug":"destagionalizzazione-al-lido-di-latina-ok-della-commissione","status":"publish","type":"post","link":"https:\/\/www.radioluna.it\/news\/2019\/04\/destagionalizzazione-al-lido-di-latina-ok-della-commissione\/","title":{"rendered":"Destagionalizzazione al lido di Latina, ok della Commissione"},"content":{"rendered":"<div id=\"fb-root\"><\/div>\n<p align=\"justify\">LATINA &#8211; Un mare \u201caperto\u201d tutto l\u2019anno, con servizi, eventi sportivi e di intrattenimento, un servizio di trasporto pubblico potenziato anche d\u2019inverno. Questi gli obiettivi posti nella commissione congiunta Ambiente-Gioverno del territorio che si \u00e8 svolta gioved\u00ed in Comune a Latina.<\/p>\n<p align=\"justify\">L\u2019incontro era stato richiesto dalla consigliera con mandato per la marina, Maria Grazia Ciolfi di Latina Bene Comune, perch\u00e9 Latina recepisse immediatamente gli indirizzi dati dalla Regione Lazio in tema di destagionalizzazione.<\/p>\n<p align=\"justify\">Chiarito un punto fondamentale per gli operatori balneari: in accordo con la legge finanziaria 2019, potranno evitare di smontare le strutture a fine stagione e lasciarle montate fino a dicembre 2020. Una soluzione temporanea che non confligge con le norme regionali e quindi pu\u00f2 essere attuata anche nel capoluogo pontino. In commissione \u00e8 stato dunque votato a favore di questa opportunit\u00e0 ed agli uffici, per i quali durante la seduta era presente il dirigente Bond\u00ec, \u00e8 stato dato indirizzo di mettere a disposizione dei consiglieri un ventaglio che sia il pi\u00f9 ampio possibile relativamente ai servizi legati alle attivit\u00e0 collaterali alla balneazione anche nel periodo invernale. \u201cIl senso di questa richiesta \u2013 spiega la consigliera Ciolfi \u2013 \u00e8 quello di avere un quadro completo delle possibilit\u00e0 per fare la scelta pi\u00f9 vantaggiosa per la citt\u00e0, al fine di valorizzare al massimo il litorale, in collaborazione con i balneari. Questa amministrazione si sta muovendo in favore dei cittadini e dei balnerai, che vuole aiutare con tutti gli strumenti normativi per una valorizzazione che dia respiro all\u2019economia e rispetti l\u2019ambiente. Questa innovazione consente di compiere un primo passo verso la destagionalizzazione, che resta una nostra priorit\u00e0. Nel frattempo lavoriamo sul Pua, che va nella stessa direzione\u201d.<\/p>\n<p align=\"justify\">\u201cFinalmente abbiamo un\u2019occasione per iniziare a destagionalizzare \u2013 ha commentato Dario Bellini, presidente della commissione Ambiente &#8211; Offrire servizi per la cittadinanza anche in inverno significa dare un\u2019opportunit\u00e0 all\u2019economia del mare e si tratta di un indirizzo che il consiglio comunale all\u2019unanimit\u00e0 gi\u00e0 da anni vuole attuare. Ci ha fatto molto piacere la testimonianza di un operatore, al quale \u00e8 stata data la parola in commissione: ci ha detto che dobbiamo cogliere questa occasione, ma anche che essa dovr\u00e0 essere una scelta sostenibile, attraverso un\u2019apertura ragionata delle attivit\u00e0\u201d.<\/p>\n","protected":false},"excerpt":{"rendered":"<p>LATINA &#8211; Un mare \u201caperto\u201d tutto l\u2019anno, con servizi, eventi sportivi e di intrattenimento, un servizio di trasporto pubblico potenziato anche d\u2019inverno. Questi gli obiettivi posti nella commissione congiunta Ambiente-Gioverno del territorio che si \u00e8 svolta gioved\u00ed in Comune a Latina. L\u2019incontro era stato richiesto dalla consigliera con mandato per la marina, Maria Grazia Ciolfi [&hellip;]<\/p>\n","protected":false},"author":60,"featured_media":241686,"comment_status":"open","ping_status":"open","sticky":false,"template":"","format":"standard","meta":{"footnotes":""},"categories":[735],"tags":[],"class_list":["post-244774","post","type-post","status-publish","format-standard","has-post-thumbnail","hentry","category-attualita"],"_links":{"self":[{"href":"https:\/\/www.radioluna.it\/news\/wp-json\/wp\/v2\/posts\/244774","targetHints":{"allow":["GET"]}}],"collection":[{"href":"https:\/\/www.radioluna.it\/news\/wp-json\/wp\/v2\/posts"}],"about":[{"href":"https:\/\/www.radioluna.it\/news\/wp-json\/wp\/v2\/types\/post"}],"author":[{"embeddable":true,"href":"https:\/\/www.radioluna.it\/news\/wp-json\/wp\/v2\/users\/60"}],"replies":[{"embeddable":true,"href":"https:\/\/www.radioluna.it\/news\/wp-json\/wp\/v2\/comments?post=244774"}],"version-history":[{"count":0,"href":"https:\/\/www.radioluna.it\/news\/wp-json\/wp\/v2\/posts\/244774\/revisions"}],"wp:featuredmedia":[{"embeddable":true,"href":"https:\/\/www.radioluna.it\/news\/wp-json\/wp\/v2\/media\/241686"}],"wp:attachment":[{"href":"https:\/\/www.radioluna.it\/news\/wp-json\/wp\/v2\/media?parent=244774"}],"wp:term":[{"taxonomy":"category","embeddable":true,"href":"https:\/\/www.radioluna.it\/news\/wp-json\/wp\/v2\/categories?post=244774"},{"taxonomy":"post_tag","embeddable":true,"href":"https:\/\/www.radioluna.it\/news\/wp-json\/wp\/v2\/tags?post=244774"}],"curies":[{"name":"wp","href":"https:\/\/api.w.org\/{rel}","templated":true}]}}