{"id":244786,"date":"2019-04-19T14:23:47","date_gmt":"2019-04-19T12:23:47","guid":{"rendered":"https:\/\/www.radioluna.it\/news\/?p=244786"},"modified":"2019-04-24T13:49:38","modified_gmt":"2019-04-24T11:49:38","slug":"trenta-nuovi-lecci-nel-parco-giovanni-paolo-ii-di-cisterna","status":"publish","type":"post","link":"https:\/\/www.radioluna.it\/news\/2019\/04\/trenta-nuovi-lecci-nel-parco-giovanni-paolo-ii-di-cisterna\/","title":{"rendered":"Trenta nuovi lecci nel parco Giovanni Paolo II di Cisterna"},"content":{"rendered":"<div id=\"fb-root\"><\/div>\n<p style=\"text-align: justify;\">Il Parco Giovanni Paolo II nel quartiere San Valentino \u00e8 quasi pronto per la bella stagione e le festivit\u00e0 pasquali. Sono in corso i lavori di sfalcio del pi\u00f9 grande parco pubblico di Cisterna e che in questi giorni ha arricchito il suo patrimonio arboreo.\u00a0Sono stati infatti messi a dimora 30 giovani lecci, piante autoctone dell\u2019altezza di circa 2 metri e che cingono, come una arena, la piazzetta centrale, in prossimit\u00e0 dell\u2019area giochi.\u00a0Nei prossimi anni, quindi le loro chiome offriranno ombra e ristoro ai frequentatori del parco aggiungendosi a quella attualmente\u00a0 data dai pini marittimi.<br \/>\n\u00abIl parco Giovanni Paolo II \u2013 afferma l\u2019assessore Alberto Ceri \u2013 \u00e8 un importante luogo in cui anche socializzare e pertanto \u00e8 stata nostra intenzione renderlo accogliente e pienamente fruibile. Cos\u00ec oltre all\u2019ordinario sfalcio dell\u2019erba, abbiamo incrementato i punti di ombreggiatura con nuove alberature, in vista di un prossimo e importante intervento di riqualificazione dell\u2019area che prevede l\u2019installazione di nuovi giochi per i bambini, attrezzature per il fitness e un\u2019area dedicata all\u2019agility dog. Si tratta del primo rimboschimento del parco, intervento che dimostra quanto il sindaco in primis e tutta l&#8217;amministrazione siano vicini ai temi ecologici e all&#8217;incremento della qualit\u00e0 della fruizione del patrimonio verde della nostra citt\u00e0, colgo l\u2019occasione quindi per ringraziare i comitati, le associazioni locali e singoli cittadini che ci aiutano nella sensibilizzazione del suo mantenimento.\u00bb<\/p>\n","protected":false},"excerpt":{"rendered":"<p>Il Parco Giovanni Paolo II nel quartiere San Valentino \u00e8 quasi pronto per la bella stagione e le festivit\u00e0 pasquali. Sono in corso i lavori di sfalcio del pi\u00f9 grande parco pubblico di Cisterna e che in questi giorni ha arricchito il suo patrimonio arboreo.\u00a0Sono stati infatti messi a dimora 30 giovani lecci, piante autoctone [&hellip;]<\/p>\n","protected":false},"author":60,"featured_media":0,"comment_status":"open","ping_status":"open","sticky":false,"template":"","format":"standard","meta":{"footnotes":""},"categories":[735],"tags":[],"class_list":["post-244786","post","type-post","status-publish","format-standard","hentry","category-attualita"],"_links":{"self":[{"href":"https:\/\/www.radioluna.it\/news\/wp-json\/wp\/v2\/posts\/244786","targetHints":{"allow":["GET"]}}],"collection":[{"href":"https:\/\/www.radioluna.it\/news\/wp-json\/wp\/v2\/posts"}],"about":[{"href":"https:\/\/www.radioluna.it\/news\/wp-json\/wp\/v2\/types\/post"}],"author":[{"embeddable":true,"href":"https:\/\/www.radioluna.it\/news\/wp-json\/wp\/v2\/users\/60"}],"replies":[{"embeddable":true,"href":"https:\/\/www.radioluna.it\/news\/wp-json\/wp\/v2\/comments?post=244786"}],"version-history":[{"count":0,"href":"https:\/\/www.radioluna.it\/news\/wp-json\/wp\/v2\/posts\/244786\/revisions"}],"wp:attachment":[{"href":"https:\/\/www.radioluna.it\/news\/wp-json\/wp\/v2\/media?parent=244786"}],"wp:term":[{"taxonomy":"category","embeddable":true,"href":"https:\/\/www.radioluna.it\/news\/wp-json\/wp\/v2\/categories?post=244786"},{"taxonomy":"post_tag","embeddable":true,"href":"https:\/\/www.radioluna.it\/news\/wp-json\/wp\/v2\/tags?post=244786"}],"curies":[{"name":"wp","href":"https:\/\/api.w.org\/{rel}","templated":true}]}}