{"id":244818,"date":"2019-04-19T17:16:49","date_gmt":"2019-04-19T15:16:49","guid":{"rendered":"https:\/\/www.radioluna.it\/news\/?p=244818"},"modified":"2019-04-19T17:16:49","modified_gmt":"2019-04-19T15:16:49","slug":"concerto-di-pasqua-successo-al-teatro-moderno-di-latina","status":"publish","type":"post","link":"https:\/\/www.radioluna.it\/news\/2019\/04\/concerto-di-pasqua-successo-al-teatro-moderno-di-latina\/","title":{"rendered":"Concerto di Pasqua, successo al teatro Moderno di Latina"},"content":{"rendered":"<div id=\"fb-root\"><\/div>\n<p style=\"text-align: justify;\"><strong>LATINA &#8211;<\/strong> Un teatro Moderno affollato, ieri sera, per la prima edizione del Concerto di Pasqua Citt\u00e0 di Latina voluto dal Presidente dell\u2019associazione Minerva, Annalisa Muzio.\u00a0Seduti in platea rappresentanti delle istituzioni, del Comune di Latina, dell\u2019Amministrazione Provinciale, delle Associazioni di categoria e dei sindacati.\u00a0Tanti cittadini che hanno voluto acquistare il biglietto per partecipare al progetto di Minerva che prevede un sostegno concreto alle scuole per l\u2019acquisto di materiale didattico e sportivo come ha spiegato Muzio.\u00a0\u201cUn impegno costante \u2013 ha spiegato ieri sera il Presidente di Minerva \u2013 che ci ha permesso, in soli due anni di attivit\u00e0, di organizzare tanti eventi, dalla Borsa di studio dedicata alla giornalista Susetta Guerrini a Buon Compleanno Latina, XBeach, presentazione di libri e convegni. Minerva, inoltre \u2013 ha spiegato ancora Annalisa Muzio \u2013 ha fortemente voluto la nascita dell\u2019Osservatorio per lo Sport e il Turismo sportivo, di cui fanno parte circa settanta associazioni di varie discipline, e con il quale stiamo lavorando per riportare lo sport, e il turismo legato agli eventi sportivi, al centro degli interessi economici di Latina cos\u00ec come gi\u00e0 fanno altre citt\u00e0 della nostra provincia come, ad esempio, Gaeta\u201d.<\/p>\n<p style=\"text-align: justify;\">Il Presidente di Minerva ha poi auspicato la riapertura, nel pi\u00f9 breve tempo possibile, del teatro D\u2019Annunzio di Latina.\u00a0Annalisa Muzio ha spiegato che dallo scorso mese sono gi\u00e0 stati aperti due Point in altrettanti borghi (Bainsizza e Sabotino) e la prossima settimana verr\u00e0 inaugurato anche quello di borgo Faiti.\u00a0\u201cUn altro tassello che si aggiunge al nostro percorso che \u00e8 quello di fare rete. Gli input vengono direttamente dagli abitanti dei borghi per poi essere condivisi e realizzati. Abbiamo stabilito una inversione di tendenza facendo s\u00ec che la progettualit\u00e0 venisse direttamente da chi il territorio lo vive e lo conosce per stabilire, insieme, quali sono gli interventi necessari e le iniziative che davvero possono essere utili\u201d ha spiegato ancora il Presidente dell\u2019associazione che ha poi rivolto un invito ai presenti: \u201cNon \u00e8 pi\u00f9 sufficiente puntare il dito e lamentarsi su ci\u00f2 che non \u00e8 stato fatto o che non c\u2019\u00e8. Occorre prendere atto del problema, ma poi trovare una soluzione condivisa\u201d.<\/p>\n<p style=\"text-align: justify;\">Ai politici di maggioranza e opposizione presenti al teatro la presidente ha poi voluto lanciare una provocazione rispetto al progetto della Beach Arena, presentato dall\u2019Osservatorio per lo sport e il turismo sportivo.\u00a0\u201cVoglio sottolineare le difficolt\u00e0 che stiamo affrontando per realizzare il nostro progetto, donato al Comune con tanto di intervento economico dei privati gi\u00e0 pronto, sul quale continuiamo a registrare silenzio da parte dell\u2019amministrazione comunale, ma anche dei partiti di opposizione. Un progetto al quale non abbiamo assolutamente intenzione di rinunciare e allora visto che stasera ci siamo tutti \u2013 ha concluso Muzio &#8211; faccio un appello al senso di responsabilit\u00e0 di tutti, senza alcuna distinzione, affinch\u00e9 si ritrovi quel famoso senso di comunit\u00e0, di sinergia e di identit\u00e0 che ci permetta di scommettere insieme su Latina\u201d.<\/p>\n","protected":false},"excerpt":{"rendered":"<p>LATINA &#8211; Un teatro Moderno affollato, ieri sera, per la prima edizione del Concerto di Pasqua Citt\u00e0 di Latina voluto dal Presidente dell\u2019associazione Minerva, Annalisa Muzio.\u00a0Seduti in platea rappresentanti delle istituzioni, del Comune di Latina, dell\u2019Amministrazione Provinciale, delle Associazioni di categoria e dei sindacati.\u00a0Tanti cittadini che hanno voluto acquistare il biglietto per partecipare al progetto [&hellip;]<\/p>\n","protected":false},"author":60,"featured_media":0,"comment_status":"open","ping_status":"open","sticky":false,"template":"","format":"standard","meta":{"footnotes":""},"categories":[735],"tags":[],"class_list":["post-244818","post","type-post","status-publish","format-standard","hentry","category-attualita"],"_links":{"self":[{"href":"https:\/\/www.radioluna.it\/news\/wp-json\/wp\/v2\/posts\/244818","targetHints":{"allow":["GET"]}}],"collection":[{"href":"https:\/\/www.radioluna.it\/news\/wp-json\/wp\/v2\/posts"}],"about":[{"href":"https:\/\/www.radioluna.it\/news\/wp-json\/wp\/v2\/types\/post"}],"author":[{"embeddable":true,"href":"https:\/\/www.radioluna.it\/news\/wp-json\/wp\/v2\/users\/60"}],"replies":[{"embeddable":true,"href":"https:\/\/www.radioluna.it\/news\/wp-json\/wp\/v2\/comments?post=244818"}],"version-history":[{"count":0,"href":"https:\/\/www.radioluna.it\/news\/wp-json\/wp\/v2\/posts\/244818\/revisions"}],"wp:attachment":[{"href":"https:\/\/www.radioluna.it\/news\/wp-json\/wp\/v2\/media?parent=244818"}],"wp:term":[{"taxonomy":"category","embeddable":true,"href":"https:\/\/www.radioluna.it\/news\/wp-json\/wp\/v2\/categories?post=244818"},{"taxonomy":"post_tag","embeddable":true,"href":"https:\/\/www.radioluna.it\/news\/wp-json\/wp\/v2\/tags?post=244818"}],"curies":[{"name":"wp","href":"https:\/\/api.w.org\/{rel}","templated":true}]}}