{"id":244911,"date":"2019-04-23T15:15:30","date_gmt":"2019-04-23T13:15:30","guid":{"rendered":"https:\/\/www.radioluna.it\/news\/?p=244911"},"modified":"2019-04-23T15:15:30","modified_gmt":"2019-04-23T13:15:30","slug":"ambufest-a-latina-e-nel-lazio-aperti-il-25-aprile-e-il-1-maggio","status":"publish","type":"post","link":"https:\/\/www.radioluna.it\/news\/2019\/04\/ambufest-a-latina-e-nel-lazio-aperti-il-25-aprile-e-il-1-maggio\/","title":{"rendered":"Ambufest, a Latina e nel Lazio aperti il 25 aprile e il 1 maggio"},"content":{"rendered":"<div id=\"fb-root\"><\/div>\n<p style=\"text-align: justify;\"><strong>LATINA<\/strong> &#8211; A Pasqua il pronto soccorso del Goretti era insolitamente vuoto, ma sono stati\u00a0oltre 2.000\u00a0 &#8211; secondo i dati della Regione Lazio &#8211; gli accessi tra il 20 e il 22 aprile presso gli\u00a0Ambulatori di Cure Primarie e di Continuit\u00e0 Assistenziale Pediatrica\u00a0della Regione Lazio che rimarranno aperti anche durante le feste del\u00a025 aprile e del 1\u00b0 maggio. Si tratta di 34\u00a0 strutture, tra cui l&#8217;Ambufest di\u00a0 Latina in Via Fratelli Bandiera, aperte nei fine settimana, nei giorni festivi e prefestivi (dalle ore 10 alle ore 19) e offrono un medico di medicina generale o pediatra di libera scelta. Ad oggi hanno dato assistenza ad oltre 391.000 persone.<\/p>\n<p style=\"text-align: justify;\">\u201cGli ambulatori di cure primarie rappresentano un servizio importante di continuit\u00e0 delle cure territoriali \u2013 commenta\u00a0l\u2019Assessore alla Sanit\u00e0 e l\u2019Integrazione Sciosanitaria della Regione Lazio,\u00a0Alessio D\u2019Amato\u00a0\u2013 Vogliamo rendere la sanit\u00e0 del Lazio sempre pi\u00f9 vicina ai bisogni dei cittadini. In questi anni nel Lazio abbiamo aumentato la qualit\u00e0 delle cure, ma anche il numero dei presidi di riferimento della rete territoriale, grazie alle Case della Salute e agli Ambulatori di Medicina generale aperti il sabato e la domenica e i festivi. Offriamo ai cittadini pi\u00f9 servizi, assicurando sempre un elevato livello di qualit\u00e0 grazie alla disponibilit\u00e0 e professionalit\u00e0 di medici, infermieri ed operatori sanitari. Il servizio di continuit\u00e0 assistenziale e quello pediatrico \u00e8 molto apprezzato e i numeri sugli accessi testimoniano il gradimento degli utenti che con continuit\u00e0 si rivolgono agli ambulatori del weekend\u201d.<\/p>\n<p>&nbsp;<\/p>\n","protected":false},"excerpt":{"rendered":"<p>LATINA &#8211; A Pasqua il pronto soccorso del Goretti era insolitamente vuoto, ma sono stati\u00a0oltre 2.000\u00a0 &#8211; secondo i dati della Regione Lazio &#8211; gli accessi tra il 20 e il 22 aprile presso gli\u00a0Ambulatori di Cure Primarie e di Continuit\u00e0 Assistenziale Pediatrica\u00a0della Regione Lazio che rimarranno aperti anche durante le feste del\u00a025 aprile e [&hellip;]<\/p>\n","protected":false},"author":60,"featured_media":0,"comment_status":"open","ping_status":"open","sticky":false,"template":"","format":"standard","meta":{"footnotes":""},"categories":[7],"tags":[],"class_list":["post-244911","post","type-post","status-publish","format-standard","hentry","category-cronaca"],"_links":{"self":[{"href":"https:\/\/www.radioluna.it\/news\/wp-json\/wp\/v2\/posts\/244911","targetHints":{"allow":["GET"]}}],"collection":[{"href":"https:\/\/www.radioluna.it\/news\/wp-json\/wp\/v2\/posts"}],"about":[{"href":"https:\/\/www.radioluna.it\/news\/wp-json\/wp\/v2\/types\/post"}],"author":[{"embeddable":true,"href":"https:\/\/www.radioluna.it\/news\/wp-json\/wp\/v2\/users\/60"}],"replies":[{"embeddable":true,"href":"https:\/\/www.radioluna.it\/news\/wp-json\/wp\/v2\/comments?post=244911"}],"version-history":[{"count":0,"href":"https:\/\/www.radioluna.it\/news\/wp-json\/wp\/v2\/posts\/244911\/revisions"}],"wp:attachment":[{"href":"https:\/\/www.radioluna.it\/news\/wp-json\/wp\/v2\/media?parent=244911"}],"wp:term":[{"taxonomy":"category","embeddable":true,"href":"https:\/\/www.radioluna.it\/news\/wp-json\/wp\/v2\/categories?post=244911"},{"taxonomy":"post_tag","embeddable":true,"href":"https:\/\/www.radioluna.it\/news\/wp-json\/wp\/v2\/tags?post=244911"}],"curies":[{"name":"wp","href":"https:\/\/api.w.org\/{rel}","templated":true}]}}