{"id":244957,"date":"2019-04-24T10:35:11","date_gmt":"2019-04-24T08:35:11","guid":{"rendered":"https:\/\/www.radioluna.it\/news\/?p=244957"},"modified":"2019-04-24T16:36:29","modified_gmt":"2019-04-24T14:36:29","slug":"raid-vandalico-nellasilo-di-latina-scalo-il-comune-vertice-con-le-forze-dellordine","status":"publish","type":"post","link":"https:\/\/www.radioluna.it\/news\/2019\/04\/raid-vandalico-nellasilo-di-latina-scalo-il-comune-vertice-con-le-forze-dellordine\/","title":{"rendered":"Raid vandalico nell&#8217;asilo di Latina Scalo, bambini a casa. Il Comune: &#8220;Vertice con le forze dell&#8217;ordine&#8221;"},"content":{"rendered":"<div id=\"fb-root\"><\/div>\n<p style=\"text-align: justify;\"><strong>LATINA &#8211;<\/strong>\u00a0A poche ore dalla biblioteca comunale, \u00e8 toccato alla scuola. Un raid vandalico &#8211; almeno a giudicare dalla prima impressione &#8211; si \u00e8 verificato nella notte (tra marted\u00ec e mercoled\u00ec 24 aprile) quando\u00a0 sconosciuti hanno forzato la porta dell\u2019asilo nido di Latina Scalo e hanno rovistato dappertutto senza per\u00f2 rubare nulla: &#8220;Neanche il pc, lo scanner e la stampante&#8221;, osserva Fabio D&#8217;Achille presidente della Commissione cultura del Comune che ieri aveva dato notizia degli atti di vandalismo e del furto nella biblioteca della frazione, pensando forse all&#8217;azione di disperati. Ora, per\u00f2, a distanza di poche ore, un nuovo raid in un altro edificio pubblico, sempre a Latina Scalo: &#8220;Chi \u00e8 entrato &#8211; racconta D&#8217;Achille &#8211; ha messo a soqquadro ogni cassetto, dalla cucina alla stanza dei lettini. Sembra che abbiano tentato di aprire una cassa forte, il personale sta verificando ancora i danni&#8221;.<br \/>\nSul posto sono intervenuti i carabinieri che hanno svolto i primi rilievi, mentre il personale della scuola, soprattutto le maestre stanno facendo ordine per rimettere i locali in sesto. Anche in questo caso a pagarne le spese \u00e8 l&#8217;utenza della scuola che oggi rester\u00e0 chiusa: &#8220;Al momento stiamo organizzando un vertice in Comune con le forze dell\u2019Ordine per aumentare sorveglianza e controlli in questi giorni di \u201cponti\u201d e feste; magari se le telecamere ieri hanno ripreso gli autori dell\u2019invasione in Biblioteca potrebbe essere una pista per trovare chi ha agito stanotte&#8221;, avverte d&#8217;Achille.<\/p>\n<p style=\"text-align: justify;\">\u00abPrima nella scuola &#8211; commenta l\u2019Assessore alla Pubblica Istruzione Gianmarco Proietti &#8211; poi nella biblioteca, ora nell\u2019asilo nido. Io non so se questi fatti esecrabili siano stati compiuti dagli stessi criminali, ma una cosa li lega insieme: tutti minano in modo distruttivo al futuro della nostra citt\u00e0, alla sua armonia, la scuola, la cultura, la formazione e la cura dei pi\u00f9 piccoli. Noi non ci rassegneremo e non lasceremo soli i cittadini di Latina Scalo, continueremo a investire nelle biblioteche, nella scuola, negli asili nido per una citt\u00e0 sempre migliore in cui non vi sia spazio alcuno per gli autori di simili gesti. Ringrazio in particolare le educatrici del nido preso di mira per la tenacia e la forza con cui stanno sistemando i danni compiuti dai vandali, per continuare a offrire quel servizio di qualit\u00e0 che bambini e famiglie meritano\u00bb.<\/p>\n","protected":false},"excerpt":{"rendered":"<p>LATINA &#8211;\u00a0A poche ore dalla biblioteca comunale, \u00e8 toccato alla scuola. Un raid vandalico &#8211; almeno a giudicare dalla prima impressione &#8211; si \u00e8 verificato nella notte (tra marted\u00ec e mercoled\u00ec 24 aprile) quando\u00a0 sconosciuti hanno forzato la porta dell\u2019asilo nido di Latina Scalo e hanno rovistato dappertutto senza per\u00f2 rubare nulla: &#8220;Neanche il pc, [&hellip;]<\/p>\n","protected":false},"author":62,"featured_media":244959,"comment_status":"open","ping_status":"open","sticky":false,"template":"","format":"standard","meta":{"footnotes":""},"categories":[7],"tags":[],"class_list":["post-244957","post","type-post","status-publish","format-standard","has-post-thumbnail","hentry","category-cronaca"],"_links":{"self":[{"href":"https:\/\/www.radioluna.it\/news\/wp-json\/wp\/v2\/posts\/244957","targetHints":{"allow":["GET"]}}],"collection":[{"href":"https:\/\/www.radioluna.it\/news\/wp-json\/wp\/v2\/posts"}],"about":[{"href":"https:\/\/www.radioluna.it\/news\/wp-json\/wp\/v2\/types\/post"}],"author":[{"embeddable":true,"href":"https:\/\/www.radioluna.it\/news\/wp-json\/wp\/v2\/users\/62"}],"replies":[{"embeddable":true,"href":"https:\/\/www.radioluna.it\/news\/wp-json\/wp\/v2\/comments?post=244957"}],"version-history":[{"count":0,"href":"https:\/\/www.radioluna.it\/news\/wp-json\/wp\/v2\/posts\/244957\/revisions"}],"wp:featuredmedia":[{"embeddable":true,"href":"https:\/\/www.radioluna.it\/news\/wp-json\/wp\/v2\/media\/244959"}],"wp:attachment":[{"href":"https:\/\/www.radioluna.it\/news\/wp-json\/wp\/v2\/media?parent=244957"}],"wp:term":[{"taxonomy":"category","embeddable":true,"href":"https:\/\/www.radioluna.it\/news\/wp-json\/wp\/v2\/categories?post=244957"},{"taxonomy":"post_tag","embeddable":true,"href":"https:\/\/www.radioluna.it\/news\/wp-json\/wp\/v2\/tags?post=244957"}],"curies":[{"name":"wp","href":"https:\/\/api.w.org\/{rel}","templated":true}]}}