{"id":245021,"date":"2019-04-25T09:01:18","date_gmt":"2019-04-25T07:01:18","guid":{"rendered":"https:\/\/www.radioluna.it\/news\/?p=245021"},"modified":"2019-04-26T07:14:40","modified_gmt":"2019-04-26T05:14:40","slug":"calcutta-senza-occhiaie-a-epcc-intervistato-da-alessandro-cattelan","status":"publish","type":"post","link":"https:\/\/www.radioluna.it\/news\/2019\/04\/calcutta-senza-occhiaie-a-epcc-intervistato-da-alessandro-cattelan\/","title":{"rendered":"Calcutta senza occhiaie a EPCC intervistato da Alessandro Cattelan"},"content":{"rendered":"<div id=\"fb-root\"><\/div>\n<p>(la foto la posta di Calcutta su Instragram)<\/p>\n<p style=\"text-align: justify;\">LATINA &#8211;\u00a0 La puntata pi\u00f9 seguita da Latina di EPCC, programma di Sky condotto da Alessandro Cattelan, sar\u00e0 senza dubbio quella di stasera. Il motivo \u00e8 presto detto e i seguaci del programma non hanno bisogno di agenda. Per gli altri invece c&#8217;\u00e8 il post di Edoardo D&#8217;Erme su Instragram: &#8220;Domani (leggasi gioved\u00ec 25 aprile) su Sky ospite a EPCC con il mitico @alecattelan &#x2764;&#xfe0f;&#8221;. In attesa di ascoltare l&#8217;intervista che conferma, semmai\u00a0 ce ne fosse ancora bisogno, come Calcutta sia ormai nell&#8217;Olimpo dei musicisti, la cosa pi\u00f9 divertente \u00e8 un&#8217;altra, quella che fa notare lo stesso\u00a0 cantautore di Latina: &#8220;Nonostante la scelta della produzione di censurare le mie occhiaie (che ho da quando sono nato) con del trucco, mi sono divertito davvero . ***finale a sorpresa&#8221;. La foto pubblicata documenta come effettivamente le bordure scure sotto gli occhi siano state cancellate. Per una sera, ovvio.<\/p>\n<p>https:\/\/www.instagram.com\/p\/BwopMBwHmfU\/<\/p>\n","protected":false},"excerpt":{"rendered":"<p>(la foto la posta di Calcutta su Instragram) LATINA &#8211;\u00a0 La puntata pi\u00f9 seguita da Latina di EPCC, programma di Sky condotto da Alessandro Cattelan, sar\u00e0 senza dubbio quella di stasera. Il motivo \u00e8 presto detto e i seguaci del programma non hanno bisogno di agenda. Per gli altri invece c&#8217;\u00e8 il post di Edoardo [&hellip;]<\/p>\n","protected":false},"author":62,"featured_media":245022,"comment_status":"open","ping_status":"open","sticky":false,"template":"","format":"standard","meta":{"footnotes":""},"categories":[735],"tags":[],"class_list":["post-245021","post","type-post","status-publish","format-standard","has-post-thumbnail","hentry","category-attualita"],"_links":{"self":[{"href":"https:\/\/www.radioluna.it\/news\/wp-json\/wp\/v2\/posts\/245021","targetHints":{"allow":["GET"]}}],"collection":[{"href":"https:\/\/www.radioluna.it\/news\/wp-json\/wp\/v2\/posts"}],"about":[{"href":"https:\/\/www.radioluna.it\/news\/wp-json\/wp\/v2\/types\/post"}],"author":[{"embeddable":true,"href":"https:\/\/www.radioluna.it\/news\/wp-json\/wp\/v2\/users\/62"}],"replies":[{"embeddable":true,"href":"https:\/\/www.radioluna.it\/news\/wp-json\/wp\/v2\/comments?post=245021"}],"version-history":[{"count":0,"href":"https:\/\/www.radioluna.it\/news\/wp-json\/wp\/v2\/posts\/245021\/revisions"}],"wp:featuredmedia":[{"embeddable":true,"href":"https:\/\/www.radioluna.it\/news\/wp-json\/wp\/v2\/media\/245022"}],"wp:attachment":[{"href":"https:\/\/www.radioluna.it\/news\/wp-json\/wp\/v2\/media?parent=245021"}],"wp:term":[{"taxonomy":"category","embeddable":true,"href":"https:\/\/www.radioluna.it\/news\/wp-json\/wp\/v2\/categories?post=245021"},{"taxonomy":"post_tag","embeddable":true,"href":"https:\/\/www.radioluna.it\/news\/wp-json\/wp\/v2\/tags?post=245021"}],"curies":[{"name":"wp","href":"https:\/\/api.w.org\/{rel}","templated":true}]}}