{"id":245184,"date":"2019-04-29T12:35:08","date_gmt":"2019-04-29T10:35:08","guid":{"rendered":"https:\/\/www.radioluna.it\/news\/?p=245184"},"modified":"2019-04-29T12:35:08","modified_gmt":"2019-04-29T10:35:08","slug":"gabriele-lavia-a-latina-con-i-ragazzi-che-si-amano","status":"publish","type":"post","link":"https:\/\/www.radioluna.it\/news\/2019\/04\/gabriele-lavia-a-latina-con-i-ragazzi-che-si-amano\/","title":{"rendered":"Gabriele Lavia a Latina con I Ragazzi che si amano"},"content":{"rendered":"<div id=\"fb-root\"><\/div>\n<p style=\"text-align: justify;\"><strong>Gabriele Lavia (foto Atcl, Filippo Manzini copyright 2016)<\/strong><\/p>\n<p style=\"text-align: justify;\"><strong>LATINA &#8211;<\/strong>\u00a0Gabriele Lavia \u00e8 il protagonista del recital da Jacques Pr\u00e9vert, Iragazzi che si amano, sull\u2019amore giovanile e il rapporto degli innamorati con la realt\u00e0, in scena al Teatro Moderno di Latina, nell\u2019ambito della stagione teatrale promossa da ATCL \u2013 Associazione Teatrale fra i Comuni del Lazio con il finanziamento del Ministero per i Beni e le Attivit\u00e0 Culturali, della Regione Lazio e del Comune di Latina, domenica 5 maggio ore 18.30. Giovani che, estraniati dal mondo e dimentichi di tutto, non tengono conto della chiusura morale della gente verso la loro dolcezza.<\/p>\n<p style=\"text-align: justify;\">\u201cDue ragazzi si amano e si baciano al tramonto. La gente che passa, vedendoli, li disapprova indignata, ma loro non notano nulla, non ci sono per nessuno, vivono esclusivamente nel loro primo amore. Perch\u00e9 l\u2019amore tra due giovani deve essere disapprovato, come se fosse qualcosa di proibito? Forse, perch\u00e9 i giovani hanno ancora il coraggio, che deriva dall\u2019incoscienza o dall\u2019innocenza dei loro anni, di manifestarlo liberamente, di viverlo come amore&#8221; sottolinea l&#8217;attore.<\/p>\n<p style=\"text-align: justify;\">I ragazzi che si amano, il recital da Jacques Pr\u00e9vert, racconta un amore salvifico che d\u00e0 l\u2019unico senso possibile alla vita, un amore a cui aggrapparsi come naufraghi nel mare delle amarezze e ingiustizie dell\u2019esistenza, un amore totalizzante che rigenera e crea un mondo in cui non c\u2019\u00e8 spazio per altri, in cui non esiste pi\u00f9 niente se non i due giovani amanti. Ciascuno di noi pu\u00f2 ritrovare echi e immagini della propria adolescenza.<\/p>\n<p style=\"text-align: justify;\">Il recital prodotto dalla Fondazione Teatro della Toscana \u00e8 dunque un percorso affascinante e coinvolgente, con una guida d\u2019eccezione come Gabriele Lavia, attraverso le \u201cnebbie\u201d, non solo del porto del celeberrimo film di Marcel Carn\u00e9 (scritto dall\u2019eclettico poeta), ma anche delle cave fumose in cui Juliette Greco cantava Le foglie morte (anche questa del Nostro) e delle immancabili sigarette Gauloises \u2018papier mais\u2019 tanto amate da Pr\u00e9vert.<\/p>\n<p>Biglietti:<\/p>\n<p>intero\u00a0\u00a0\u00a0\u00a0\u00a0\u00a0\u00a0\u00a0\u00a0\u00a0\u00a0\u00a0\u00a0\u00a0\u00a0\u00a0\u00a0\u00a0\u00a0\u00a0\u00a0\u00a0\u00a0\u00a0\u00a0\u00a0\u00a0\u00a0\u00a0\u00a0\u00a0\u00a0\u00a0\u00a0\u00a0\u00a0\u00a0\u00a0\u00a0\u00a0\u00a0\u00a0\u00a0\u00a0\u00a0\u00a0\u00a0\u00a0\u00a0 ridotto<\/p>\n<p>Platea I settore: \u00a0\u00a0\u00a0\u00a0\u00a0\u00a0\u00a0\u00a0\u00a0\u00a0\u00a0 euro 26,00 + 2,50 prev.\u00a0\u00a0\u00a0\u00a0\u00a0\u00a0\u00a0\u00a0\u00a0 euro 24,00 + 2,50 prev.<\/p>\n<p>Platea II settore: \u00a0\u00a0\u00a0\u00a0\u00a0\u00a0\u00a0\u00a0\u00a0\u00a0 euro 23,00 + 2,50 prev.\u00a0\u00a0\u00a0\u00a0\u00a0\u00a0\u00a0\u00a0\u00a0 euro 21,00 + 2,00 prev.<\/p>\n<p>Galleria: \u00a0\u00a0\u00a0\u00a0\u00a0\u00a0\u00a0\u00a0\u00a0\u00a0\u00a0\u00a0\u00a0\u00a0\u00a0\u00a0\u00a0\u00a0\u00a0\u00a0\u00a0\u00a0 euro 18,00 + 2,00 prev.\u00a0\u00a0\u00a0\u00a0\u00a0\u00a0\u00a0\u00a0\u00a0 euro 16,00 + 1,50 prev.<\/p>\n<p>&nbsp;<\/p>\n<p>Teatro Moderno Via Sisto V. ang. P.zza San Marco, LATINA &#8211; tel. 0773 660550<\/p>\n<p>marted\u00ec e venerd\u00ec dalle ore 10:00 alle ore 13:00<\/p>\n<p>gioved\u00ec dalle ore 16:00 alle ore 18:00<\/p>\n<p>nei giorni di spettacolo dalle ore 10:00 alle ore 13:00 e dalle ore 16:00 in poi.<\/p>\n<p>&nbsp;<\/p>\n<p>per informazioni: Teatro Gabriele D&#8217;Annunzio viale Umberto I, 41\/43, LATINA &#8211; tel. 0773 652642<\/p>\n<p>dal luned\u00ec al venerd\u00ec: dalle ore 10:00 alle ore 14:00<\/p>\n<p>marted\u00ec e gioved\u00ec: dalle ore 15:00 alle ore 19:00<\/p>\n<p>&nbsp;<\/p>\n","protected":false},"excerpt":{"rendered":"<p>Gabriele Lavia (foto Atcl, Filippo Manzini copyright 2016) LATINA &#8211;\u00a0Gabriele Lavia \u00e8 il protagonista del recital da Jacques Pr\u00e9vert, Iragazzi che si amano, sull\u2019amore giovanile e il rapporto degli innamorati con la realt\u00e0, in scena al Teatro Moderno di Latina, nell\u2019ambito della stagione teatrale promossa da ATCL \u2013 Associazione Teatrale fra i Comuni del Lazio [&hellip;]<\/p>\n","protected":false},"author":60,"featured_media":245185,"comment_status":"open","ping_status":"open","sticky":false,"template":"","format":"standard","meta":{"footnotes":""},"categories":[16],"tags":[],"class_list":["post-245184","post","type-post","status-publish","format-standard","has-post-thumbnail","hentry","category-appuntamenti"],"_links":{"self":[{"href":"https:\/\/www.radioluna.it\/news\/wp-json\/wp\/v2\/posts\/245184","targetHints":{"allow":["GET"]}}],"collection":[{"href":"https:\/\/www.radioluna.it\/news\/wp-json\/wp\/v2\/posts"}],"about":[{"href":"https:\/\/www.radioluna.it\/news\/wp-json\/wp\/v2\/types\/post"}],"author":[{"embeddable":true,"href":"https:\/\/www.radioluna.it\/news\/wp-json\/wp\/v2\/users\/60"}],"replies":[{"embeddable":true,"href":"https:\/\/www.radioluna.it\/news\/wp-json\/wp\/v2\/comments?post=245184"}],"version-history":[{"count":0,"href":"https:\/\/www.radioluna.it\/news\/wp-json\/wp\/v2\/posts\/245184\/revisions"}],"wp:featuredmedia":[{"embeddable":true,"href":"https:\/\/www.radioluna.it\/news\/wp-json\/wp\/v2\/media\/245185"}],"wp:attachment":[{"href":"https:\/\/www.radioluna.it\/news\/wp-json\/wp\/v2\/media?parent=245184"}],"wp:term":[{"taxonomy":"category","embeddable":true,"href":"https:\/\/www.radioluna.it\/news\/wp-json\/wp\/v2\/categories?post=245184"},{"taxonomy":"post_tag","embeddable":true,"href":"https:\/\/www.radioluna.it\/news\/wp-json\/wp\/v2\/tags?post=245184"}],"curies":[{"name":"wp","href":"https:\/\/api.w.org\/{rel}","templated":true}]}}