{"id":245213,"date":"2019-04-29T16:36:04","date_gmt":"2019-04-29T14:36:04","guid":{"rendered":"https:\/\/www.radioluna.it\/news\/?p=245213"},"modified":"2019-04-29T16:36:04","modified_gmt":"2019-04-29T14:36:04","slug":"apre-il-point-dellassociazione-minerva-a-borgo-faiti","status":"publish","type":"post","link":"https:\/\/www.radioluna.it\/news\/2019\/04\/apre-il-point-dellassociazione-minerva-a-borgo-faiti\/","title":{"rendered":"Apre il point dell&#8217;associazione Minerva a Borgo Faiti"},"content":{"rendered":"<div id=\"fb-root\"><\/div>\n<p style=\"text-align: justify;\"><strong>BORGO FAITI &#8211;<\/strong> Dopo le aperture di Bainsizza e Sabotino, domani sera, marted\u00ec, alle 19.30 presso la piscina dell\u2019agriturismo L\u2019Ovile, si terr\u00e0 l\u2019inaugurazione del Point di Borgo Faiti. Anche l\u2019inaugurazione di domani sar\u00e0 un momento per incontrarsi e riflettere sulle iniziative e i\u00a0modelli di sviluppo\u00a0pi\u00f9 adatti da mettere in campo per riuscire a tutelare il territorio.\u00a0\u201cLa sfida di Minerva per i Borghi \u2013 spiega il Presidente dell\u2019associazione, Annalisa Muzio &#8211; \u00e8 quella di\u00a0riscoprire l\u2019autenticit\u00e0\u00a0della dimensione locale e il loro valore mettendo in campo iniziative ed eventi che possano anche rappresentare nuove economie e un richiamo per il turismo di cui tanto si parla e per il quale ancora molto poco si fa. L\u2019apertura di borgo Faiti \u2013 aggiunge Muzio \u2013 \u00e8 un altro tassello che si aggiunge alla rete che stiamo costruendo giorno dopo giorno. Questo \u00e8 il terzo Point che riusciamo ad aprire in tempi record, tre nel giro di un mese, grazie alla collaborazione e all\u2019impegno dei residenti del borgo. Un riconoscimento importante per il nostro impegno e per il nostro attaccamento al territorio\u201d.<\/p>\n<p style=\"text-align: justify;\">Parole di soddisfazione anche quelle espresse dalla responsabile del progetto Minerva per i borghi, Valentina Di Meo che afferma: \u201csono sempre pi\u00f9 orgogliosa di fare parte di questa grande squadra che \u00e8 l\u2019associazione Minerva\u00a0 che \u00e8 in continua evoluzione e con la quale stiamo riuscendo a fare grandi cose come, ad esempio, proprio l\u2019apertura dei Point nei boghi che vogliono essere un luogo di incontro ed ascolto partendo proprio dalle esigenze dei residenti\u201d.<\/p>\n<p style=\"text-align: justify;\">Responsabile del nuovo Point di Borgo Faiti sar\u00e0 Carmine Picca, figlio di ristoratori storici del borgo e ancora oggi gestori del ristorante La Storta che diventer\u00e0, dopo la ristrutturazione del locale ancora in corso, la sede del Point.<\/p>\n<p style=\"text-align: justify;\">\u201cRingrazio il Presidente dell\u2019associazione Minerva e la reponsabile di Minerva per i borghi \u2013 afferma Carmine Picca &#8211; per avermi coinvolto in questo progetto in cui credo soprattutto perch\u00e9, oltre ad essere residente a borgo Faiti da quando sono nato, ho anche la mia attivit\u00e0 di ristorazione a dimostrazione di quanto io e la mia famiglia abbiamo sempre creduto, ed investito, sulle potenzialit\u00e0 di questo territorio. Con l\u2019apertura del Point, che sar\u00f2 orgoglioso di ospitare presso la mia attivit\u00e0, voglio dare voce agli abitanti del borgo\u201d.<\/p>\n","protected":false},"excerpt":{"rendered":"<p>BORGO FAITI &#8211; Dopo le aperture di Bainsizza e Sabotino, domani sera, marted\u00ec, alle 19.30 presso la piscina dell\u2019agriturismo L\u2019Ovile, si terr\u00e0 l\u2019inaugurazione del Point di Borgo Faiti. Anche l\u2019inaugurazione di domani sar\u00e0 un momento per incontrarsi e riflettere sulle iniziative e i\u00a0modelli di sviluppo\u00a0pi\u00f9 adatti da mettere in campo per riuscire a tutelare il [&hellip;]<\/p>\n","protected":false},"author":60,"featured_media":0,"comment_status":"open","ping_status":"open","sticky":false,"template":"","format":"standard","meta":{"footnotes":""},"categories":[735],"tags":[],"class_list":["post-245213","post","type-post","status-publish","format-standard","hentry","category-attualita"],"_links":{"self":[{"href":"https:\/\/www.radioluna.it\/news\/wp-json\/wp\/v2\/posts\/245213","targetHints":{"allow":["GET"]}}],"collection":[{"href":"https:\/\/www.radioluna.it\/news\/wp-json\/wp\/v2\/posts"}],"about":[{"href":"https:\/\/www.radioluna.it\/news\/wp-json\/wp\/v2\/types\/post"}],"author":[{"embeddable":true,"href":"https:\/\/www.radioluna.it\/news\/wp-json\/wp\/v2\/users\/60"}],"replies":[{"embeddable":true,"href":"https:\/\/www.radioluna.it\/news\/wp-json\/wp\/v2\/comments?post=245213"}],"version-history":[{"count":0,"href":"https:\/\/www.radioluna.it\/news\/wp-json\/wp\/v2\/posts\/245213\/revisions"}],"wp:attachment":[{"href":"https:\/\/www.radioluna.it\/news\/wp-json\/wp\/v2\/media?parent=245213"}],"wp:term":[{"taxonomy":"category","embeddable":true,"href":"https:\/\/www.radioluna.it\/news\/wp-json\/wp\/v2\/categories?post=245213"},{"taxonomy":"post_tag","embeddable":true,"href":"https:\/\/www.radioluna.it\/news\/wp-json\/wp\/v2\/tags?post=245213"}],"curies":[{"name":"wp","href":"https:\/\/api.w.org\/{rel}","templated":true}]}}