{"id":245266,"date":"2019-04-30T15:21:20","date_gmt":"2019-04-30T13:21:20","guid":{"rendered":"https:\/\/www.radioluna.it\/news\/?p=245266"},"modified":"2019-05-02T15:56:03","modified_gmt":"2019-05-02T13:56:03","slug":"festa-a-pontenuovo-per-i-90-anni-di-don-ottaviano-maurizi","status":"publish","type":"post","link":"https:\/\/www.radioluna.it\/news\/2019\/04\/festa-a-pontenuovo-per-i-90-anni-di-don-ottaviano-maurizi\/","title":{"rendered":"Festa a Pontenuovo per i 90 anni di Don Ottaviano Maurizi"},"content":{"rendered":"<div id=\"fb-root\"><\/div>\n<p style=\"text-align: justify;\"><strong>LATINA &#8211;<\/strong>\u00a0Ha compiuto ieri 90 anni, don Ottaviano Maurizi, decano dei sacerdoti pontini, e per festeggiarlo \u00e8 tornato in terra pontina Monsignor Felice Accrocca, arcivescovo di Benevento originario di Cori. Un bel riconoscimento per l&#8217;anziano sacerdote che alla sua veneranda et\u00e0 \u00e8 ancora attivissimo. La festa in suo onore si terr\u00e0 anche alla presenza del vescovo di Latina Mariano Crociata a\u00a0 Pontenuovo dove Don Ottaviano risiede dopo aver svolto la maggior parte della sua attivit\u00e0 pastorale a Cori.<\/p>\n<p style=\"text-align: justify;\">L&#8217;appuntamento \u00e8 per oggi 30 aprile 2019 nella parrocchia di S. Tommaso d&#8217;Aquino a Pontenuovo alle 18.30 con la S. Messa cui seguir\u00e0 un momento di convivialit\u00e0.<\/p>\n","protected":false},"excerpt":{"rendered":"<p>LATINA &#8211;\u00a0Ha compiuto ieri 90 anni, don Ottaviano Maurizi, decano dei sacerdoti pontini, e per festeggiarlo \u00e8 tornato in terra pontina Monsignor Felice Accrocca, arcivescovo di Benevento originario di Cori. Un bel riconoscimento per l&#8217;anziano sacerdote che alla sua veneranda et\u00e0 \u00e8 ancora attivissimo. La festa in suo onore si terr\u00e0 anche alla presenza del [&hellip;]<\/p>\n","protected":false},"author":62,"featured_media":245267,"comment_status":"open","ping_status":"open","sticky":false,"template":"","format":"standard","meta":{"footnotes":""},"categories":[16],"tags":[],"class_list":["post-245266","post","type-post","status-publish","format-standard","has-post-thumbnail","hentry","category-appuntamenti"],"_links":{"self":[{"href":"https:\/\/www.radioluna.it\/news\/wp-json\/wp\/v2\/posts\/245266","targetHints":{"allow":["GET"]}}],"collection":[{"href":"https:\/\/www.radioluna.it\/news\/wp-json\/wp\/v2\/posts"}],"about":[{"href":"https:\/\/www.radioluna.it\/news\/wp-json\/wp\/v2\/types\/post"}],"author":[{"embeddable":true,"href":"https:\/\/www.radioluna.it\/news\/wp-json\/wp\/v2\/users\/62"}],"replies":[{"embeddable":true,"href":"https:\/\/www.radioluna.it\/news\/wp-json\/wp\/v2\/comments?post=245266"}],"version-history":[{"count":0,"href":"https:\/\/www.radioluna.it\/news\/wp-json\/wp\/v2\/posts\/245266\/revisions"}],"wp:featuredmedia":[{"embeddable":true,"href":"https:\/\/www.radioluna.it\/news\/wp-json\/wp\/v2\/media\/245267"}],"wp:attachment":[{"href":"https:\/\/www.radioluna.it\/news\/wp-json\/wp\/v2\/media?parent=245266"}],"wp:term":[{"taxonomy":"category","embeddable":true,"href":"https:\/\/www.radioluna.it\/news\/wp-json\/wp\/v2\/categories?post=245266"},{"taxonomy":"post_tag","embeddable":true,"href":"https:\/\/www.radioluna.it\/news\/wp-json\/wp\/v2\/tags?post=245266"}],"curies":[{"name":"wp","href":"https:\/\/api.w.org\/{rel}","templated":true}]}}