{"id":245269,"date":"2019-04-30T15:30:04","date_gmt":"2019-04-30T13:30:04","guid":{"rendered":"https:\/\/www.radioluna.it\/news\/?p=245269"},"modified":"2019-04-30T15:30:04","modified_gmt":"2019-04-30T13:30:04","slug":"lazio-concorso-per-258-infermieri-damato-la-graduatoria-per-tutte-le-asl","status":"publish","type":"post","link":"https:\/\/www.radioluna.it\/news\/2019\/04\/lazio-concorso-per-258-infermieri-damato-la-graduatoria-per-tutte-le-asl\/","title":{"rendered":"Lazio, concorso per 258 infermieri, D&#8217;Amato: &#8220;La graduatoria per tutte le Asl&#8221;"},"content":{"rendered":"<div id=\"fb-root\"><\/div>\n<p style=\"text-align: justify;\"><strong>LATINA &#8211;<\/strong>\u00a0<span style=\"text-align: justify;\">Sono state pubblicate le date delle prove scritte e pratiche del concorso pubblico per la copertura di\u00a0258 posti da infermiere\u00a0a tempo indeterminato\u00a0che vede l\u2019A.O. Sant\u2019Andrea come capofila ed una riserva di 49 posti per la stabilizzazione dei soggetti con i requisiti della L.208.<\/span><\/p>\n<p style=\"text-align: justify;\">\u201cSi apre una nuova stagione concorsuale per la nostra Regione. E\u2019 un decennio che non veniva bandito un concorso pubblico di queste dimensioni. Torniamo ad investire sulle risorse umane per migliorare e implementare il servizio nella sanit\u00e0 regionale che deve essere sempre pi\u00f9 vicino ai bisogni delle persone. La graduatoria del concorso con i suoi idonei verr\u00e0 inoltre utilizzata per colmare i fabbisogni delle altre Asl e Aziende ospedaliere\u201d. Lo dichiara l\u2019Assessore alla Sanit\u00e0 e l\u2019Integrazione Sociosanitaria della Regione Lazio,\u00a0Alessio D\u2019Amato.<\/p>\n<p style=\"text-align: justify;\"><strong>LE DATE DEGLI ESAMI<\/strong> &#8211;\u00a0 Nello specifico la prova scritta si terr\u00e0 nei giorni\u00a03-4-5 giugno\u00a0(a partire dalle ore 8.30) presso la Fiera di Roma. Quindici giorni prima delle date verr\u00e0 resa pubblica la suddivisione dei candidati ammessi alle tre giornate di prove scritte sul portale dell\u2019A.O. Sant\u2019Andrea. I candidati che abbiano raggiunto la sufficienza saranno quindi ammessi alla prova pratica che si terr\u00e0 il giorno\u00a018 luglio\u00a0(a partire dalle ore 8.30) sempre alla Fiera di Roma.<\/p>\n","protected":false},"excerpt":{"rendered":"<p>LATINA &#8211;\u00a0Sono state pubblicate le date delle prove scritte e pratiche del concorso pubblico per la copertura di\u00a0258 posti da infermiere\u00a0a tempo indeterminato\u00a0che vede l\u2019A.O. Sant\u2019Andrea come capofila ed una riserva di 49 posti per la stabilizzazione dei soggetti con i requisiti della L.208. \u201cSi apre una nuova stagione concorsuale per la nostra Regione. E\u2019 [&hellip;]<\/p>\n","protected":false},"author":60,"featured_media":235132,"comment_status":"open","ping_status":"open","sticky":false,"template":"","format":"standard","meta":{"footnotes":""},"categories":[735],"tags":[],"class_list":["post-245269","post","type-post","status-publish","format-standard","has-post-thumbnail","hentry","category-attualita"],"_links":{"self":[{"href":"https:\/\/www.radioluna.it\/news\/wp-json\/wp\/v2\/posts\/245269","targetHints":{"allow":["GET"]}}],"collection":[{"href":"https:\/\/www.radioluna.it\/news\/wp-json\/wp\/v2\/posts"}],"about":[{"href":"https:\/\/www.radioluna.it\/news\/wp-json\/wp\/v2\/types\/post"}],"author":[{"embeddable":true,"href":"https:\/\/www.radioluna.it\/news\/wp-json\/wp\/v2\/users\/60"}],"replies":[{"embeddable":true,"href":"https:\/\/www.radioluna.it\/news\/wp-json\/wp\/v2\/comments?post=245269"}],"version-history":[{"count":0,"href":"https:\/\/www.radioluna.it\/news\/wp-json\/wp\/v2\/posts\/245269\/revisions"}],"wp:featuredmedia":[{"embeddable":true,"href":"https:\/\/www.radioluna.it\/news\/wp-json\/wp\/v2\/media\/235132"}],"wp:attachment":[{"href":"https:\/\/www.radioluna.it\/news\/wp-json\/wp\/v2\/media?parent=245269"}],"wp:term":[{"taxonomy":"category","embeddable":true,"href":"https:\/\/www.radioluna.it\/news\/wp-json\/wp\/v2\/categories?post=245269"},{"taxonomy":"post_tag","embeddable":true,"href":"https:\/\/www.radioluna.it\/news\/wp-json\/wp\/v2\/tags?post=245269"}],"curies":[{"name":"wp","href":"https:\/\/api.w.org\/{rel}","templated":true}]}}