{"id":245348,"date":"2019-05-02T14:20:54","date_gmt":"2019-05-02T12:20:54","guid":{"rendered":"https:\/\/www.radioluna.it\/news\/?p=245348"},"modified":"2019-05-02T16:15:14","modified_gmt":"2019-05-02T14:15:14","slug":"calcio-latina-avellino-ecco-le-regole-anti-disordini-e-le-modifiche-alla-viabilita","status":"publish","type":"post","link":"https:\/\/www.radioluna.it\/news\/2019\/05\/calcio-latina-avellino-ecco-le-regole-anti-disordini-e-le-modifiche-alla-viabilita\/","title":{"rendered":"Calcio, Latina-Avellino, ecco le regole anti-disordini e le modifiche alla viabilit\u00e0"},"content":{"rendered":"<div id=\"fb-root\"><\/div>\n<p style=\"text-align: justify;\"><strong><img loading=\"lazy\" decoding=\"async\" class=\"alignnone size-full wp-image-245365\" src=\"https:\/\/www.radioluna.it\/news\/wp-content\/uploads\/2019\/05\/latina-avellino.jpg\" alt=\"\" width=\"960\" height=\"533\" srcset=\"https:\/\/www.radioluna.it\/news\/wp-content\/uploads\/2019\/05\/latina-avellino.jpg 960w, https:\/\/www.radioluna.it\/news\/wp-content\/uploads\/2019\/05\/latina-avellino-300x167.jpg 300w, https:\/\/www.radioluna.it\/news\/wp-content\/uploads\/2019\/05\/latina-avellino-768x426.jpg 768w\" sizes=\"auto, (max-width: 960px) 100vw, 960px\" \/>LATINA &#8211;\u00a0<\/strong>Pochi giorni a Latina Avellino il match che domenica 5 maggio chiuder\u00e0 il campionato di serie D. Dopo che l\u2019Osservatorio sulle manifestazioni sportive del Ministero dell\u2019Interno ha definito\u00a0 il match a rischio sotto il profilo della sicurezza e dell&#8217;ordine pubblico, il Prefetto di Latina Maria Rosa Trio ha emesso su proposta del Questore di Latina Rosaria Amato il decreto con il quale ha stabilito le disposizioni organizzative a cui dovranno attenersi le due societ\u00e0 sportive. Il Comune di Latina dal canto suo ha fissato le modifiche alla viabilit\u00e0 nella zona intorno allo stadio Francioni che sar\u00e0 blindata.<\/p>\n<p style=\"text-align: justify;\"><strong>LE REGOLE<\/strong> &#8211; In particolare \u00e8 stato stabilito:<br \/>\n1. Vendita dei tagliandi per i tifosi ospiti per il settore loro riservato, nel limite di 500 e per i soli residenti nella provincia di Avellino, utilizzando all\u2019uopo le ricevitorie individuate dalle societ\u00e0 sportive sotto la responsabilit\u00e0 delle stesse, previa esibizione dell\u2019acquirente di un documento di identit\u00e0;<br \/>\n2. Vendita dei tagliandi per tutti gli altri settori disponibili dello stadio ai soli residenti nella provincia di Latina;<br \/>\n3. Vendita dei tagliandi per tutti i tifosi sino alle ore 19.00 del giorno antecedente alla gara;<br \/>\n4. Inibizione alla trasferta per i tifosi ospiti non in possesso del tagliando di ingresso.<\/p>\n<p style=\"text-align: justify;\">&#8220;Per quanto sopra si sconsiglia di organizzare partenze per il capoluogo pontino a chi non fosse in possesso di un regolare titolo, in quanto non verr\u00e0 assolutamente consentito l\u2019accesso allo stadio a chi risulta sprovvisto di tagliando&#8221;, dicono dalla Questura di Latina.<\/p>\n<p style=\"text-align: justify;\"><strong>LA VIABILITA&#8217;<\/strong> &#8211; In occasione dell\u2019incontro \u00e8 stato istituito il divieto di circolazione e divieto di sosta con rimozione forzata, per tutti i veicoli eccetto forze dell\u2019ordine, mezzi di soccorso e autorizzati, dalle ore 11,00 (e comunque sino a cessata necessit\u00e0 stabilita dalla Questura di Latina) del giorno 5 Maggio 2019, nelle seguenti Vie e Piazze:<\/p>\n<p>\u00a7\u00a0 Via Garigliano da Via Teano a Via Aspromonte;<\/p>\n<p>\u00a7\u00a0 Via Volturno, incluse le relative pertinenze di servizio;<\/p>\n<p>\u00a7\u00a0 Via I. Nievo (tratto Via Volturno &#8211; Via Cena);<\/p>\n<p>\u00a7\u00a0 Via Aspromonte (tratto Via Medici \u2013 Via Amaseno);<\/p>\n<p>\u00a7\u00a0 Largo Torre Acquedotto (via Calatafimi \u2013 Via Aspromonte);<\/p>\n<p>\u00a7\u00a0 Via Duca del Mare tratto Piazzale Prampolini \u2013 Via Garabaldi;<\/p>\n<p>\u00a7\u00a0 Via Duca del Mare (tratto Via Garibaldi \u2013 P.le Prampolini);<\/p>\n<p>\u00a7\u00a0 Via Leone X (tratto Largo Don Bosco \u2013 Via La Marmora);<\/p>\n<p>\u00a7\u00a0 Piazzale Prampolini;<\/p>\n<p>\u00a7\u00a0 Piazzale Serratore;<\/p>\n<p>\u00a7\u00a0 Piazzale Vecchi;<\/p>\n<p>\u00a7\u00a0 Piazzale Micara;<\/p>\n<p>\u00a7\u00a0 Via dei Mille.<\/p>\n<p>\u00c8 stato inoltre istituito il divieto di circolazione, per tutti i veicoli eccetto forze dell\u2019ordine, mezzi di soccorso e autorizzati, sempre dalle ore 11,00 (e comunque sino a cessata necessit\u00e0 stabilita dalla Questura di Latina) del giorno 5 Maggio 2019, nelle seguenti Vie:<\/p>\n<p>\u00a7\u00a0 Via Calatafimi da Via Teano a Via Medici, escluso residenti;<\/p>\n<p>\u00a7\u00a0 Via Cena, escluso residenti;<\/p>\n<p>\u00a7\u00a0 Viale Vittorio Veneto (tratto Via Palestro \u2013 Via dei Mille);<\/p>\n<p>\u00a7\u00a0 Via Montebello (tratto Via Palestro \u2013 Via dei Mille);<\/p>\n<p>\u00a7\u00a0 Via Dandolo;<\/p>\n<p>\u00a7\u00a0 Via Mameli;<\/p>\n<p>\u00a7\u00a0 Via I. Nievo tratto Via Cena \u2013 Via Rappini, escluso residenti;<\/p>\n<p>\u00a7\u00a0 Via Pio VI\u00b0 direzione Largo Don Bosco;<\/p>\n<p>\u00a7\u00a0 Via Aspromonte tratto Via Beccaria \u2013 Via Volturno;<\/p>\n<p>\u00a7\u00a0 Via Aspromonte tratto Via Rappini \u2013 Via Volturno;<\/p>\n<p>\u00a7\u00a0 Viale XXI Aprile tratto Corso della Repubblica \u2013 Viale La Marmora.<\/p>\n<p>Per ulteriori informazioni, sull\u2019Albo Pretorio online del Comune di Latina &#8211; nella sezione \u201cOrdinanze\u201d &#8211; \u00e8 disponibile il testo integrale dell\u2019Ordinanza n. 00122\/2019.<\/p>\n<div class=\"radio-posizionamento-telefono-in-articoli-dopo-il-contenuto-articolo radio-entity-placement\" id=\"radio-1419670005\"><div id=\"radio-3942936536\"><a href=\"https:\/\/grupporedi.it\/\" aria-label=\"Redi-Qr\"><img loading=\"lazy\" decoding=\"async\" src=\"https:\/\/www.radioluna.it\/news\/wp-content\/uploads\/2026\/03\/Redi-Qr.jpg\" alt=\"\"  srcset=\"https:\/\/www.radioluna.it\/news\/wp-content\/uploads\/2026\/03\/Redi-Qr.jpg 800w, https:\/\/www.radioluna.it\/news\/wp-content\/uploads\/2026\/03\/Redi-Qr-768x639.jpg 768w\" sizes=\"(max-width: 800px) 100vw, 800px\" width=\"300\" height=\"250\"   \/><\/a><\/div><\/div>","protected":false},"excerpt":{"rendered":"<p>LATINA &#8211;\u00a0Pochi giorni a Latina Avellino il match che domenica 5 maggio chiuder\u00e0 il campionato di serie D. Dopo che l\u2019Osservatorio sulle manifestazioni sportive del Ministero dell\u2019Interno ha definito\u00a0 il match a rischio sotto il profilo della sicurezza e dell&#8217;ordine pubblico, il Prefetto di Latina Maria Rosa Trio ha emesso su proposta del Questore di [&hellip;]<\/p>\n","protected":false},"author":62,"featured_media":0,"comment_status":"open","ping_status":"open","sticky":false,"template":"","format":"standard","meta":{"footnotes":""},"categories":[17],"tags":[],"class_list":["post-245348","post","type-post","status-publish","format-standard","hentry","category-sport"],"_links":{"self":[{"href":"https:\/\/www.radioluna.it\/news\/wp-json\/wp\/v2\/posts\/245348","targetHints":{"allow":["GET"]}}],"collection":[{"href":"https:\/\/www.radioluna.it\/news\/wp-json\/wp\/v2\/posts"}],"about":[{"href":"https:\/\/www.radioluna.it\/news\/wp-json\/wp\/v2\/types\/post"}],"author":[{"embeddable":true,"href":"https:\/\/www.radioluna.it\/news\/wp-json\/wp\/v2\/users\/62"}],"replies":[{"embeddable":true,"href":"https:\/\/www.radioluna.it\/news\/wp-json\/wp\/v2\/comments?post=245348"}],"version-history":[{"count":0,"href":"https:\/\/www.radioluna.it\/news\/wp-json\/wp\/v2\/posts\/245348\/revisions"}],"wp:attachment":[{"href":"https:\/\/www.radioluna.it\/news\/wp-json\/wp\/v2\/media?parent=245348"}],"wp:term":[{"taxonomy":"category","embeddable":true,"href":"https:\/\/www.radioluna.it\/news\/wp-json\/wp\/v2\/categories?post=245348"},{"taxonomy":"post_tag","embeddable":true,"href":"https:\/\/www.radioluna.it\/news\/wp-json\/wp\/v2\/tags?post=245348"}],"curies":[{"name":"wp","href":"https:\/\/api.w.org\/{rel}","templated":true}]}}