{"id":245400,"date":"2019-05-03T07:15:58","date_gmt":"2019-05-03T05:15:58","guid":{"rendered":"https:\/\/www.radioluna.it\/news\/?p=245400"},"modified":"2019-05-03T07:15:58","modified_gmt":"2019-05-03T05:15:58","slug":"playoff-di-basket-benacquista-pronta-a-gara-3-si-gioca-a-latina","status":"publish","type":"post","link":"https:\/\/www.radioluna.it\/news\/2019\/05\/playoff-di-basket-benacquista-pronta-a-gara-3-si-gioca-a-latina\/","title":{"rendered":"Playoff di basket, Benacquista pronta a gara 3: si gioca a Latina"},"content":{"rendered":"<div id=\"fb-root\"><\/div>\n<p style=\"text-align: justify;\"><strong>LATINA<\/strong> &#8211; La Benacquista Assicurazioni Latina dopo aver giocato le prime due partite degli ottavi di finale playoff in casa della\u00a0XL Extralight Montegranaro e averne vinta una, affronta oggi gara 3. Il match \u00e8 anche il primo nella serie al meglio delle cinque gare che si giocher\u00e0 in casa dei nerazzurri, sul parquet del\u00a0PalaBianchini.<\/p>\n<p style=\"text-align: justify;\">La prima partita al Palasavelli era stata vinta dai padroni di casa del Montegranaro, poi i ragazzi di coach Gramenzi hanno riportato il punteggio sull&#8217;1-1 e ora si apprestano a disputare gara 3 e gara 4\u00a0di fronte al pubblico amico con la speranza di far valere il fattore campo: &#8220;Grande entusiasmo &#8211; dicono in una nota dalla societ\u00e0\u00a0 &#8211;\u00a0 ma anche la consapevolezza che sar\u00e0 determinante mantenere altissimo il livello di concentrazione per provare a conquistare ulteriori successi&#8221;.<\/p>\n<p style=\"text-align: justify;\">L&#8217;appuntamento \u00e8 per oggi,\u00a0 venerd\u00ec 3 maggio, alle\u00a0 20 e sar\u00e0 la prima volta in assoluto nella storia della societ\u00e0 nerazzurra che il PalaBianchini ospiter\u00e0 una partita dei playoff di Serie A2.<\/p>\n<div class=\"radio-posizionamento-telefono-in-articoli-dopo-il-contenuto-articolo radio-entity-placement\" id=\"radio-2759981304\"><div id=\"radio-2571084967\" style=\"width: 300px;height: 250px;\"><a href=\"https:\/\/www.icarspa.it\/auto\/usate\/latina\/\" aria-label=\"banner aprile icar new life &#8211; auto usate latina\"><img loading=\"lazy\" decoding=\"async\" src=\"https:\/\/www.radioluna.it\/news\/wp-content\/uploads\/2026\/02\/banner-aprile-icar-new-life-auto-usate-latina.gif\" alt=\"\"  width=\"300\" height=\"250\"   \/><\/a><\/div><\/div>","protected":false},"excerpt":{"rendered":"<p>LATINA &#8211; La Benacquista Assicurazioni Latina dopo aver giocato le prime due partite degli ottavi di finale playoff in casa della\u00a0XL Extralight Montegranaro e averne vinta una, affronta oggi gara 3. Il match \u00e8 anche il primo nella serie al meglio delle cinque gare che si giocher\u00e0 in casa dei nerazzurri, sul parquet del\u00a0PalaBianchini. La [&hellip;]<\/p>\n","protected":false},"author":62,"featured_media":245401,"comment_status":"open","ping_status":"open","sticky":false,"template":"","format":"standard","meta":{"footnotes":""},"categories":[17],"tags":[],"class_list":["post-245400","post","type-post","status-publish","format-standard","has-post-thumbnail","hentry","category-sport"],"_links":{"self":[{"href":"https:\/\/www.radioluna.it\/news\/wp-json\/wp\/v2\/posts\/245400","targetHints":{"allow":["GET"]}}],"collection":[{"href":"https:\/\/www.radioluna.it\/news\/wp-json\/wp\/v2\/posts"}],"about":[{"href":"https:\/\/www.radioluna.it\/news\/wp-json\/wp\/v2\/types\/post"}],"author":[{"embeddable":true,"href":"https:\/\/www.radioluna.it\/news\/wp-json\/wp\/v2\/users\/62"}],"replies":[{"embeddable":true,"href":"https:\/\/www.radioluna.it\/news\/wp-json\/wp\/v2\/comments?post=245400"}],"version-history":[{"count":0,"href":"https:\/\/www.radioluna.it\/news\/wp-json\/wp\/v2\/posts\/245400\/revisions"}],"wp:featuredmedia":[{"embeddable":true,"href":"https:\/\/www.radioluna.it\/news\/wp-json\/wp\/v2\/media\/245401"}],"wp:attachment":[{"href":"https:\/\/www.radioluna.it\/news\/wp-json\/wp\/v2\/media?parent=245400"}],"wp:term":[{"taxonomy":"category","embeddable":true,"href":"https:\/\/www.radioluna.it\/news\/wp-json\/wp\/v2\/categories?post=245400"},{"taxonomy":"post_tag","embeddable":true,"href":"https:\/\/www.radioluna.it\/news\/wp-json\/wp\/v2\/tags?post=245400"}],"curies":[{"name":"wp","href":"https:\/\/api.w.org\/{rel}","templated":true}]}}