{"id":245473,"date":"2019-05-03T18:27:25","date_gmt":"2019-05-03T16:27:25","guid":{"rendered":"https:\/\/www.radioluna.it\/news\/?p=245473"},"modified":"2019-05-04T12:39:27","modified_gmt":"2019-05-04T10:39:27","slug":"terracina-ottiene-la-quinta-bandiera-blu-consecutiva","status":"publish","type":"post","link":"https:\/\/www.radioluna.it\/news\/2019\/05\/terracina-ottiene-la-quinta-bandiera-blu-consecutiva\/","title":{"rendered":"Terracina ottiene la quinta bandiera blu consecutiva"},"content":{"rendered":"<div id=\"fb-root\"><\/div>\n<p style=\"text-align: justify;\"><strong>TERRACINA &#8211;<\/strong>\u00a0Terracina ottiene la sua quinta bandiera blu consecutiva: \u201cSiamo molto felici \u2013afferma il sindaco Procaccini &#8211; perch\u00e8 \u00e8 una vittoria dell\u2019intera citt\u00e0 e Terracina merita di proseguire in questo percorso di grande attenzione per l\u2019ambiente e di valorizzazione turistica. Personalmente, da quando non \u00e8 pi\u00f9 tra noi, in questa giornata il mio pensiero va sempre al professor Emilio Selvaggi poich\u00e8 la Bandiera Blu rappresenta la realizzazione di un suo sogno, oltre che nostro. Desidero ringraziare i terracinesi per la cura e l\u2019attenzione che stanno riservando al nostro patrimonio ambientale. Ora dobbiamo stare attenti a non dare per scontate affermazioni come queste perch\u00e8 senza il lavoro continuo e l\u2019impegno, ci vuole veramente poco a tornare ad un passato che vogliamo ricordare solo come monito\u201d.<\/p>\n<p style=\"text-align: justify;\">\u201cLa soddisfazione per questo risultato \u00e8 veramente enorme \u2013 dichiara l\u2019assessore all\u2019Ambiente Emanuela Zappone \u2013 perch\u00e8 confermarsi \u00e8 sempre difficilissimo. Ogni anno si alza l\u2019asticella e noi abbiamo tutta l\u2019intenzione di migliorare la prestazione dell\u2019anno precedente. \u00c8 un lavoro che dura 365 giorni l\u2019anno, che richiede perseveranza, impegno e passione da parte di tutti. La cosa pi\u00f9 importante \u00e8 che ognuno di noi in questa citt\u00e0 sta sentendo la responsabilit\u00e0 e l\u2019onore di conquistarsi una qualit\u00e0 della vita migliore. Istituzioni, associazioni e cittadini stanno facendo squadra. Desidero ringraziare gli Uffici del Settore Ambiente del Comune, il presidente del Forum di Agenda 21 locale Lavio Grossi, per il grande contributo che il Forum sta fornendo affiancando il Comune con un\u2019opera di supporto preziosissima, gli operatori turistici e i balneari per la grande disponibilit\u00e0 dimostrata e gli investimenti per accrescere la qualit\u00e0 dei loro servizi,\u00a0 tutte le associazioni ambientaliste e culturali che hanno innescato un circolo virtuoso di iniziative e capacit\u00e0 di sensibilizzazione incredibile. Ma quelli che pi\u00f9 emozionano sono i bambini che, grazie al lavoro che svolgono le scuole cittadine, sono i veri promotori di una cultura della tutela dell\u2019ambiente\u201d.<\/p>\n<p style=\"text-align: justify;\">Barbara Cerilli, assessore al Turismo e alla Cultura, sottolinea come \u201cTerracina stia accrescendo la propria appetibilit\u00e0 turistica in maniera straordinaria. Il 1 maggio \u00e8 stato riaperto, grazie alla Fondazione Citt\u00e0 di Terracina, uno degli edifici storico-culturali pi\u00f9 importanti della citt\u00e0, il Castello Frangipane, oggi la conferma della Bandiera Blu, il 15 maggio arrivo di tappa del Giro d\u2019Italia e a giugno i Mondiali di Beach Tennis. Qualunque passione si abbia, che riguardi la cultura, l\u2019ambiente, lo sport, il divertimento, Terracina sa soddisfarla. Un\u2019emozione continua\u201d.<\/p>\n<p>&nbsp;<\/p>\n<div class=\"radio-posizionamento-telefono-in-articoli-dopo-il-contenuto-articolo radio-entity-placement\" id=\"radio-2392766085\"><div id=\"radio-4252230979\" style=\"width: 300px;height: 250px;\"><a href=\"https:\/\/www.icarspa.it\/auto\/usate\/latina\/\" aria-label=\"banner aprile icar new life &#8211; auto usate latina\"><img loading=\"lazy\" decoding=\"async\" src=\"https:\/\/www.radioluna.it\/news\/wp-content\/uploads\/2026\/02\/banner-aprile-icar-new-life-auto-usate-latina.gif\" alt=\"\"  width=\"300\" height=\"250\"   \/><\/a><\/div><\/div>","protected":false},"excerpt":{"rendered":"<p>TERRACINA &#8211;\u00a0Terracina ottiene la sua quinta bandiera blu consecutiva: \u201cSiamo molto felici \u2013afferma il sindaco Procaccini &#8211; perch\u00e8 \u00e8 una vittoria dell\u2019intera citt\u00e0 e Terracina merita di proseguire in questo percorso di grande attenzione per l\u2019ambiente e di valorizzazione turistica. Personalmente, da quando non \u00e8 pi\u00f9 tra noi, in questa giornata il mio pensiero va [&hellip;]<\/p>\n","protected":false},"author":60,"featured_media":0,"comment_status":"open","ping_status":"open","sticky":false,"template":"","format":"standard","meta":{"footnotes":""},"categories":[735],"tags":[],"class_list":["post-245473","post","type-post","status-publish","format-standard","hentry","category-attualita"],"_links":{"self":[{"href":"https:\/\/www.radioluna.it\/news\/wp-json\/wp\/v2\/posts\/245473","targetHints":{"allow":["GET"]}}],"collection":[{"href":"https:\/\/www.radioluna.it\/news\/wp-json\/wp\/v2\/posts"}],"about":[{"href":"https:\/\/www.radioluna.it\/news\/wp-json\/wp\/v2\/types\/post"}],"author":[{"embeddable":true,"href":"https:\/\/www.radioluna.it\/news\/wp-json\/wp\/v2\/users\/60"}],"replies":[{"embeddable":true,"href":"https:\/\/www.radioluna.it\/news\/wp-json\/wp\/v2\/comments?post=245473"}],"version-history":[{"count":0,"href":"https:\/\/www.radioluna.it\/news\/wp-json\/wp\/v2\/posts\/245473\/revisions"}],"wp:attachment":[{"href":"https:\/\/www.radioluna.it\/news\/wp-json\/wp\/v2\/media?parent=245473"}],"wp:term":[{"taxonomy":"category","embeddable":true,"href":"https:\/\/www.radioluna.it\/news\/wp-json\/wp\/v2\/categories?post=245473"},{"taxonomy":"post_tag","embeddable":true,"href":"https:\/\/www.radioluna.it\/news\/wp-json\/wp\/v2\/tags?post=245473"}],"curies":[{"name":"wp","href":"https:\/\/api.w.org\/{rel}","templated":true}]}}