{"id":245777,"date":"2019-05-08T09:45:38","date_gmt":"2019-05-08T07:45:38","guid":{"rendered":"https:\/\/www.radioluna.it\/news\/?p=245777"},"modified":"2019-05-08T09:46:40","modified_gmt":"2019-05-08T07:46:40","slug":"whitey-brownie-su-luna-tira-larte-neo-soul-che-colpisce-al-cuore","status":"publish","type":"post","link":"https:\/\/www.radioluna.it\/news\/2019\/05\/whitey-brownie-su-luna-tira-larte-neo-soul-che-colpisce-al-cuore\/","title":{"rendered":"Whitey Brownie su Luna Tira l&#8217;Arte: neo soul che colpisce al cuore"},"content":{"rendered":"<div id=\"fb-root\"><\/div>\n<p style=\"text-align: justify;\">I <strong>Whitey Brownie<\/strong> sono un trio neo-soul della Provincia di Latina. Sono composti dalla cantante <strong>Micol<\/strong> <strong>Touadi<\/strong>, dal batterista <strong>Alessandro<\/strong> <strong>Trani<\/strong> e dal tastierista <strong>Alessandro<\/strong> <strong>Pollio<\/strong>. Tra i loro ultimi traguardi, oltre al nuovo EP \u201c<strong>Another<\/strong> <strong>Pink<\/strong>\u201d, spicca la nomina in finale per il concorso <strong>Lazio<\/strong> <strong>Sound<\/strong>, che li vedr\u00e0 esibirsi Gioved\u00ec 9 Maggio sul palco del Lanificio a Roma.<\/p>\n<p style=\"text-align: justify;\">Ospiti di Luna Tira l\u2019Arte, i Whitey Brownie si sono fatti intervistare ed hanno risposto ad alcune domande, dandoci modo di scoprire alcuni dettagli sulla loro musica, sulla loro <strong>sfera personale<\/strong> e sui loro <strong>prossimi<\/strong> <strong>progetti<\/strong>.<\/p>\n<p style=\"text-align: justify;\"><strong>Il vostro EP &#8220;Another Pink&#8221; sta andando molto bene, e sta riscontrando ottimi pareri per il suo sound raffinato e deciso al tempo stesso. Siete orgogliosi di questo progetto? In quanto tempo lo avete realizzato? Perch\u00e8 la scelta di pubblicarlo anche in vinile?<\/strong><\/p>\n<p style=\"text-align: justify;\"><strong>Pollio<\/strong>: Siamo molto orgogliosi di questo progetto, \u00e8 il nostro primo lavoro e lo consideriamo un po&#8217; il nostro punto di partenza. Abbiamo chiuso l&#8217;EP in poco meno di un anno, eravamo impazienti di fare uscire la nostra musica e soprattutto volevamo che girasse non solo sulla rete e sui servizi di streaming, ma anche su un supporto fisico, da qui la scelta del vinile, un oggetto che si avvicina molto al nostro modo di vivere la musica nella sua interezza.<\/p>\n<p style=\"text-align: justify;\"><strong>Quali altri progetti musicali ci sono all&#8217;orizzonte? Un altro EP? Un Album?<\/strong><\/p>\n<p style=\"text-align: justify;\"><strong>Pollio<\/strong>: Da quando \u00e8 uscito Another Pink abbiamo continuato a scrivere musica nuova quindi sicuramente rilasceremo qualcosa, in quale formato ancora \u00e8 da decidere, per\u00f2 sappiate che abbiamo un sacco di musica nuova (chi \u00e8 venuto a sentirci ai live ha gi\u00e0 avuto un anteprima).<\/p>\n<p style=\"text-align: justify;\"><strong>Sebbene questo genere in Italia sia stato gi\u00e0 &#8220;sdoganato&#8221;, la musica soul e afro &#8211; specie nelle sue declinazioni pi\u00f9 raffinate &#8211; viene sempre percepita come una novit\u00e0. E&#8217; davvero cos\u00ec per voi e per il vostro pubblico? Come reagisce chi vi ascolta dal vivo per la prima volta?<\/strong><\/p>\n<p style=\"text-align: justify;\"><strong>A.Trani<\/strong>:\u00a0 Innanzitutto la black music non \u00e8 tipica della nostra cultura ma di quella afroamericana, specialmente il sound a cui noi facciamo riferimento, per cui sar\u00e0 sempre percepita come una novit\u00e0. Va per\u00f2 sottolineato che negli ultimi anni il pubblico \u00e8 sempre pi\u00f9 preparato al sound e partecipa ai concerti in maniera molto attiva.<\/p>\n<p style=\"text-align: justify;\"><strong>State facendo diversi live in giro per l&#8217;Italia, e il vostro nuovo EP sta suonando forte! Qual \u00e8 il live pi\u00f9 bello, particolare o emozionante che avete fatto fino ad ora?<\/strong><\/p>\n<p style=\"text-align: justify;\"><strong>A.Trani<\/strong>: Per ora abbiamo fatto un mini tour primaverile che anticipa il tour vero e proprio che faremo in estate. Siamo partiti con il calore casalingo della data al Circeo fino ad arrivare a citt\u00e0 come Lecce o Piacenza, in cui non eravamo mai stati, ma ci siamo sentiti subito a casa e siamo rimasti sorpresi dal pubblico numeroso che ci ha accolto.<\/p>\n<p style=\"text-align: justify;\"><strong>Due di voi condividono un rapporto non solo artistico ma anche di coppia. Alessandro e Micol, riuscite a conciliare la vita di coppia con quella artistica? O ci sono aspetti che inevitabilmente confluiscono dall&#8217;uno all&#8217;altro lato?<\/strong><\/p>\n<p style=\"text-align: justify;\"><strong>Micol<\/strong>: La nostra vita in generale \u00e8 completamente dedicata alla musica. Questo sicuramente ci ha uniti fin dall&#8217;inizio anche come coppia. Dal nostro punto di vista non \u00e8 altro che un vantaggio, perch\u00e9 lavorando insieme \u00e8 tutto pi\u00f9 veloce e ormai siamo una cosa sola anche dal punto di vista lavorativo. Quando si ha la fortuna di andare d&#8217;accordo, si riesce a trovare un ottimo equilibrio vincente dal quale traiamo quotidianamente solo vantaggi e crescita professionale. Ma al di l\u00e0 di questo i Whitey Brownie sono una famiglia ed \u00e8 questo che ci rende ancora pi\u00f9 speciali.<\/p>\n<p><img loading=\"lazy\" decoding=\"async\" class=\"aligncenter wp-image-245789 size-full\" src=\"https:\/\/www.radioluna.it\/news\/wp-content\/uploads\/2019\/05\/whitey-brownie-5.jpg\" alt=\"\" width=\"960\" height=\"639\" srcset=\"https:\/\/www.radioluna.it\/news\/wp-content\/uploads\/2019\/05\/whitey-brownie-5.jpg 960w, https:\/\/www.radioluna.it\/news\/wp-content\/uploads\/2019\/05\/whitey-brownie-5-300x200.jpg 300w, https:\/\/www.radioluna.it\/news\/wp-content\/uploads\/2019\/05\/whitey-brownie-5-768x511.jpg 768w, https:\/\/www.radioluna.it\/news\/wp-content\/uploads\/2019\/05\/whitey-brownie-5-600x400.jpg 600w, https:\/\/www.radioluna.it\/news\/wp-content\/uploads\/2019\/05\/whitey-brownie-5-270x180.jpg 270w\" sizes=\"auto, (max-width: 960px) 100vw, 960px\" \/><\/p>\n<p style=\"text-align: justify;\"><strong>Micol, recentemente ti abbiamo visto nel coro gospel di E Poi C&#8217;\u00e8 Cattelan, trasmissione SKY che sta riscuotendo molto successo. Come ti sembra questa nuova esperienza? C&#8217;\u00e8 differenza tra cantare nei live ed esibirsi in TV?<\/strong><\/p>\n<p style=\"text-align: justify;\"><strong>Micol<\/strong>: \u00c8 stata sicuramente un&#8217;esperienza bellissima e divertente. La differenza probabilmente sta nei tempi tecnici di esecuzione. C&#8217;\u00e8 sicuramente poco spazio per l&#8217;improvvisazione. Nulla \u00e8 lasciato al caso. Nelle esibizioni live c&#8217;\u00e8 sicuramente pi\u00f9 modo di creare nuove cose. Sono entrambi opportunit\u00e0 interessanti per un artista che deve riuscire a gestire tutte le situazioni al meglio. Inoltre Marco Mengoni \u00e8 un artista che apprezzo molto, quindi lavorare con lui \u00e8 stato ancora pi\u00f9 bello.<\/p>\n<p style=\"text-align: justify;\"><strong>Sappiamo che siete impegnati in un nuovo progetto dalle sonorit\u00e0 fortemente afrobeat. Vi va di parlarne? Quanto \u00e8 forte in voi la matrice africana? Qual \u00e8 per voi il lascito pi\u00f9 grande della musica nera?<\/strong><\/p>\n<p style=\"text-align: justify;\"><strong>A.Trani<\/strong>: Ci fa piacere che nonostante ancora non sia uscito nulla gi\u00e0 si parli di questo nuovo progetto. \u00c8 un collettivo in cui confluiscono, oltre a noi Whitey Brownie, alcuni dei musicisti che pi\u00f9 stimiamo nella scena laziale. La formazione \u00e8 di 8 elementi, il sound \u00e8 legato molto all\u2019afrobeat e il nome \u00e8 Karamu Afro Collective. Per ora possiamo solo consigliarvi di seguirci perch\u00e9 a met\u00e0 Maggio uscir\u00e0 qualcosa. Teniamo molto a questo progetto e crediamo che il messaggio di artisti come Fela Kuti, ad esempio, sia ancora incredibilmente attuale.<\/p>\n<p style=\"text-align: justify;\"><strong>Ora una domanda per Alessandro e Pollio: so della vostra predilezione per J Dilla, leggendario artista Hip Hop a cui siete affezionati. Da dove nasce il vostro amore per lui e la sfida di ricreare con strumenti veri una musica fatta in origine con un campionatore?<\/strong><\/p>\n<p style=\"text-align: justify;\"><strong>A.Trani<\/strong>: Facciamo spesso riferimento al motto \u201cJ Dilla Changed My Life\u201d perch\u00e9 \u00e8 stato l\u2019artista che ha unito i generi musicali che pi\u00f9 ci rappresentano, ovvero Jazz e Hip Hop. Inoltre le sue batterie hanno fortemente influenzato il mio modo di pensare i brani oltre che caratterizzare il mio drumming.<\/p>\n<p style=\"text-align: justify;\"><strong>Pollio<\/strong>: Diciamo che io ci sono arrivato pi\u00f9 tardi a JDilla, sono partito da producer e musicisti contemporanei per poi tornare indietro nel tempo e capire l&#8217;enorme eredit\u00e0 che JDilla ha lasciato sulla scena musicale. Per me lui ha la stessa rilevanza di musicisti come Miles Davis, solo che il suo strumento non era una tromba ma un campionatore. Per me suonare i suoi beat equivale a tirarsi gi\u00f9 un solo di Coltrane.<\/p>\n<p style=\"text-align: justify;\"><strong>\u00a0Guardiamo al futuro&#8230; un futuro alternativo! Come sarebbe stata la vostra vita se non aveste incontrato la musica? Riuscite ad immaginarla?<\/strong><\/p>\n<p style=\"text-align: justify;\"><strong>A.Trani<\/strong>: Non ho mai pensato seriamente ad un\u2019alternativa, ho una laurea in antropologia culturale ma non ho mai pensato ad un lavoro diverso da quello del musicista. Svegliarmi la mattina sapendo che comunque vada la giornata sar\u00e0 piena di musica \u00e8 tutto quello che ho sempre desiderato.<\/p>\n<p style=\"text-align: justify;\"><strong>Micol<\/strong>: Non posso immaginare la mia vita senza musica, perch\u00e9 lei ha scelto me. \u00c8 un&#8217;esigenza fisica e mentale. Non sarei quella che sono oggi e probabilmente per il progetto che la vita mi ha riservato ha pensato di lanciarmi una boa di salvataggio donandomi questo privilegio.<\/p>\n<p style=\"text-align: justify;\"><strong>Pollio<\/strong>: Onestamente non riesco neanche ad immaginare come sarebbe stato, per me la musica \u00e8 sempre stata presente nella mia vita da quando ho memoria. Forse avrei comunque fatto qualcosa di inerente all&#8217;arte, cinema, arti figurative, insomma non vedo un futuro alternativo che non abbia dentro l&#8217;arte.<\/p>\n<p style=\"text-align: justify;\"><strong>Avete prossimi live all&#8217;orizzonte? Dov&#8217;\u00e8 che i vostri fan potranno ascoltarvi dal vivo?<\/strong><\/p>\n<p style=\"text-align: justify;\"><strong>A.Trani<\/strong>: Il tour ripartir\u00e0 il 17 maggio da Gaeta ma presto uscir\u00e0 il calendario delle date estive quindi non dovete fare altro che seguirci sui nostri social e sarete sempre aggiornati.<\/p>\n<p style=\"text-align: justify;\">Ci vediamo in giro.<\/p>\n<p style=\"text-align: justify;\">Per maggiori informazioni:<\/p>\n<p style=\"text-align: justify;\"><a href=\"https:\/\/www.restinpress.com\/artists\/whitey-brownie\" target=\"_blank\" rel=\"nofollow noopener\"><strong>www.restinpress.com\/artists\/whitey-brownie<\/strong><\/a><\/p>\n<p style=\"text-align: justify;\"><a href=\"https:\/\/www.facebook.com\/whiteybrownieofficial\" target=\"_blank\" rel=\"nofollow noopener\"><strong>www.facebook.com\/whiteybrownieofficial<\/strong><\/a><\/p>\n<p style=\"text-align: justify;\"><a href=\"https:\/\/www.instagram.com\/whiteybrownie\" target=\"_blank\" rel=\"nofollow noopener\"><strong>www.instagram.com\/whiteybrownie<\/strong><\/a><\/p>\n<div class=\"radio-posizionamento-telefono-in-articoli-dopo-il-contenuto-articolo radio-entity-placement\" id=\"radio-597584654\"><div id=\"radio-19022815\"><a href=\"https:\/\/grupporedi.it\/\" aria-label=\"Redi-Qr\"><img loading=\"lazy\" decoding=\"async\" src=\"https:\/\/www.radioluna.it\/news\/wp-content\/uploads\/2026\/03\/Redi-Qr.jpg\" alt=\"\"  srcset=\"https:\/\/www.radioluna.it\/news\/wp-content\/uploads\/2026\/03\/Redi-Qr.jpg 800w, https:\/\/www.radioluna.it\/news\/wp-content\/uploads\/2026\/03\/Redi-Qr-768x639.jpg 768w\" sizes=\"(max-width: 800px) 100vw, 800px\" width=\"300\" height=\"250\"   \/><\/a><\/div><\/div>","protected":false},"excerpt":{"rendered":"<p>I Whitey Brownie sono un trio neo-soul della Provincia di Latina. Sono composti dalla cantante Micol Touadi, dal batterista Alessandro Trani e dal tastierista Alessandro Pollio. Tra i loro ultimi traguardi, oltre al nuovo EP \u201cAnother Pink\u201d, spicca la nomina in finale per il concorso Lazio Sound, che li vedr\u00e0 esibirsi Gioved\u00ec 9 Maggio sul [&hellip;]<\/p>\n","protected":false},"author":5438,"featured_media":245778,"comment_status":"open","ping_status":"open","sticky":false,"template":"","format":"video","meta":{"footnotes":""},"categories":[2621,2312],"tags":[],"class_list":["post-245777","post","type-post","status-publish","format-video","has-post-thumbnail","hentry","category-luna-tira-larte","category-video","post_format-post-format-video"],"_links":{"self":[{"href":"https:\/\/www.radioluna.it\/news\/wp-json\/wp\/v2\/posts\/245777","targetHints":{"allow":["GET"]}}],"collection":[{"href":"https:\/\/www.radioluna.it\/news\/wp-json\/wp\/v2\/posts"}],"about":[{"href":"https:\/\/www.radioluna.it\/news\/wp-json\/wp\/v2\/types\/post"}],"author":[{"embeddable":true,"href":"https:\/\/www.radioluna.it\/news\/wp-json\/wp\/v2\/users\/5438"}],"replies":[{"embeddable":true,"href":"https:\/\/www.radioluna.it\/news\/wp-json\/wp\/v2\/comments?post=245777"}],"version-history":[{"count":0,"href":"https:\/\/www.radioluna.it\/news\/wp-json\/wp\/v2\/posts\/245777\/revisions"}],"wp:featuredmedia":[{"embeddable":true,"href":"https:\/\/www.radioluna.it\/news\/wp-json\/wp\/v2\/media\/245778"}],"wp:attachment":[{"href":"https:\/\/www.radioluna.it\/news\/wp-json\/wp\/v2\/media?parent=245777"}],"wp:term":[{"taxonomy":"category","embeddable":true,"href":"https:\/\/www.radioluna.it\/news\/wp-json\/wp\/v2\/categories?post=245777"},{"taxonomy":"post_tag","embeddable":true,"href":"https:\/\/www.radioluna.it\/news\/wp-json\/wp\/v2\/tags?post=245777"}],"curies":[{"name":"wp","href":"https:\/\/api.w.org\/{rel}","templated":true}]}}