{"id":245808,"date":"2019-05-08T11:32:39","date_gmt":"2019-05-08T09:32:39","guid":{"rendered":"https:\/\/www.radioluna.it\/news\/?p=245808"},"modified":"2019-05-08T14:08:14","modified_gmt":"2019-05-08T12:08:14","slug":"giro-ditalia-scuole-chiuse-e-disposizioni-speciali-sulla-viabilita-anche-a-latina-e-cisterna","status":"publish","type":"post","link":"https:\/\/www.radioluna.it\/news\/2019\/05\/giro-ditalia-scuole-chiuse-e-disposizioni-speciali-sulla-viabilita-anche-a-latina-e-cisterna\/","title":{"rendered":"Giro d\u2019Italia, scuole chiuse e disposizioni speciali sulla viabilit\u00e0 anche a Latina e Cisterna"},"content":{"rendered":"<div id=\"fb-root\"><\/div>\n<p style=\"text-align: justify;\"><strong>LATINA &#8211;<\/strong> Mancano pochi giorni alla partenza della 102\u00b0 edizione del Giro d\u2019Italia, i comuni pontini si sono dovuti affrettare ad emettere l&#8217;ordinanza di chiusura delle scuole per il 15 maggio. Succede perch\u00e9 oltre alla carovana che passer\u00e0 nel pomeriggio, sul tragitto di correr\u00e0 il Giro E, gara amatoriale\u00a0 che preceder\u00e0 di qualche ora i campioni del ciclismo mondiale. Impensabile interferire con il traffico locale<\/p>\n<p><strong>SCUOLE CHIUSE A LATINA E STRADE OFF LIMIT &#8211; <\/strong>Il sindaco di Latina ha disposto la chiusura delle scuole di ogni ordine e grado compresi gli asili nido.\u00a0i I ciclisti\u00a0 provenienti da Cisterna percorreranno infatti Borgo Podgora, Via Piave, Via<br \/>\nVittorio Veneto, Viale XXI Aprile, la S.R. 156 e Borgo San Michele e le strade interessate saranno chiuse al traffico varie ore prima. per questa ragione, dunque, per evitare aggravi e disagi alla circolazione stradale, e per le difficolt\u00e0 a raggiungere le scuole, queste ultime resteranno chiuse.<\/p>\n<p><a href=\"https:\/\/www.radioluna.it\/news\/wp-content\/uploads\/2019\/05\/GIRO-RODINANZA-LATINA.pdf\">GIRO RODINANZA LATINA<\/a> <a href=\"https:\/\/www.radioluna.it\/news\/wp-content\/uploads\/2019\/05\/GIRO-ORDINANZA-LATINA.pdf\">GIRO ORDINANZA LATINA<\/a><\/p>\n<p style=\"text-align: justify;\"><strong>TRAGUARDO VOLANTE A CISTERNA<\/strong> &#8211; Cisterna, in particolare, sar\u00e0 sede del traguardo volante e questo render\u00e0 ancora pi\u00f9 movimentato e coinvolgente il passaggio dei ciclisti su Corso della Repubblica. &#8220;Al fine di garantire il regolare svolgimento della manifestazione cos\u00ec da garantire la sicurezza sia dei partecipanti che del pubblico e dei cittadini &#8211; dicono dal Comune di Cisterna di Latina\u00a0 &#8211;\u00a0 Per tutta la giornata di mercoled\u00ec 15, infatti, gli istituti scolastici di ogni ordine e grado presenti sul territorio comunale resteranno chiusi&#8221;.<\/p>\n<p style=\"text-align: justify;\">La statale Appia nel tratto da Velletri a Corso della Repubblica fino a La Croce, e la via Provinciale per Latina saranno le strade interessate dal Giro e pertanto rimarranno chiuse al traffico dalle ore 13.00 fino a fine passaggio della gara. Sar\u00e0 istituito il divieto di sosta e circolazione dalle ore 8 al termine del passaggio della gara su Corso della Repubblica dall\u2019incrocio con Via Manzoni &#8211; via Rossini a Piazza Battisti. Invece, sempre su Corso della Repubblica da via Benedetto Croce a via Manzoni &#8211; via Rossini e da Piazza Battisti alla rotatoria de La Croce viger\u00e0 il divieto di sosta dalle ore 12 a fine passaggio di gara, e divieto di circolazione dalle 13 a fine passaggio di gara.<\/p>\n<p style=\"text-align: justify;\">\n<div class=\"radio-posizionamento-telefono-in-articoli-dopo-il-contenuto-articolo radio-entity-placement\" id=\"radio-1058337380\"><div id=\"radio-1474416531\"><a href=\"https:\/\/grupporedi.it\/\" aria-label=\"Redi-Qr\"><img loading=\"lazy\" decoding=\"async\" src=\"https:\/\/www.radioluna.it\/news\/wp-content\/uploads\/2026\/03\/Redi-Qr.jpg\" alt=\"\"  srcset=\"https:\/\/www.radioluna.it\/news\/wp-content\/uploads\/2026\/03\/Redi-Qr.jpg 800w, https:\/\/www.radioluna.it\/news\/wp-content\/uploads\/2026\/03\/Redi-Qr-768x639.jpg 768w\" sizes=\"(max-width: 800px) 100vw, 800px\" width=\"300\" height=\"250\"   \/><\/a><\/div><\/div>","protected":false},"excerpt":{"rendered":"<p>LATINA &#8211; Mancano pochi giorni alla partenza della 102\u00b0 edizione del Giro d\u2019Italia, i comuni pontini si sono dovuti affrettare ad emettere l&#8217;ordinanza di chiusura delle scuole per il 15 maggio. Succede perch\u00e9 oltre alla carovana che passer\u00e0 nel pomeriggio, sul tragitto di correr\u00e0 il Giro E, gara amatoriale\u00a0 che preceder\u00e0 di qualche ora i [&hellip;]<\/p>\n","protected":false},"author":62,"featured_media":245809,"comment_status":"open","ping_status":"open","sticky":false,"template":"","format":"standard","meta":{"footnotes":""},"categories":[735],"tags":[],"class_list":["post-245808","post","type-post","status-publish","format-standard","has-post-thumbnail","hentry","category-attualita"],"_links":{"self":[{"href":"https:\/\/www.radioluna.it\/news\/wp-json\/wp\/v2\/posts\/245808","targetHints":{"allow":["GET"]}}],"collection":[{"href":"https:\/\/www.radioluna.it\/news\/wp-json\/wp\/v2\/posts"}],"about":[{"href":"https:\/\/www.radioluna.it\/news\/wp-json\/wp\/v2\/types\/post"}],"author":[{"embeddable":true,"href":"https:\/\/www.radioluna.it\/news\/wp-json\/wp\/v2\/users\/62"}],"replies":[{"embeddable":true,"href":"https:\/\/www.radioluna.it\/news\/wp-json\/wp\/v2\/comments?post=245808"}],"version-history":[{"count":0,"href":"https:\/\/www.radioluna.it\/news\/wp-json\/wp\/v2\/posts\/245808\/revisions"}],"wp:featuredmedia":[{"embeddable":true,"href":"https:\/\/www.radioluna.it\/news\/wp-json\/wp\/v2\/media\/245809"}],"wp:attachment":[{"href":"https:\/\/www.radioluna.it\/news\/wp-json\/wp\/v2\/media?parent=245808"}],"wp:term":[{"taxonomy":"category","embeddable":true,"href":"https:\/\/www.radioluna.it\/news\/wp-json\/wp\/v2\/categories?post=245808"},{"taxonomy":"post_tag","embeddable":true,"href":"https:\/\/www.radioluna.it\/news\/wp-json\/wp\/v2\/tags?post=245808"}],"curies":[{"name":"wp","href":"https:\/\/api.w.org\/{rel}","templated":true}]}}