{"id":245821,"date":"2019-05-08T12:13:39","date_gmt":"2019-05-08T10:13:39","guid":{"rendered":"https:\/\/www.radioluna.it\/news\/?p=245821"},"modified":"2019-05-08T12:13:39","modified_gmt":"2019-05-08T10:13:39","slug":"festa-di-inaugurazione-al-centro-minori-di-latina-scalo","status":"publish","type":"post","link":"https:\/\/www.radioluna.it\/news\/2019\/05\/festa-di-inaugurazione-al-centro-minori-di-latina-scalo\/","title":{"rendered":"Festa di inaugurazione al Centro Minori di Latina Scalo"},"content":{"rendered":"<div id=\"fb-root\"><\/div>\n<p><strong>LATINA &#8211;\u00a0<\/strong>Si terr\u00e0 venerd\u00ec 10 maggio a partire dalle 16.00 l\u2019inaugurazione della nuova sede del Centro Minori di Latina Scalo, la struttura del Comune gestita dal Consorzio Parsifal che accoglie ragazzi dai 6 ai 15 anni residenti nei Comuni di Latina e Sermoneta.<\/p>\n<p style=\"text-align: justify;\">In realt\u00e0\u00a0 \u00a0&#8211; spiegano dal Comune in una nota &#8211; si tratta di un ritorno nella sede storica dello Scalo, quella di Via della Stazione, ubicata all\u2019interno del parco che si trova di fronte all\u2019ufficio postale. Nel Centro Minori del Comune lavora una squadra composta da un educatore professionale e 4 animatori che sviluppano con i ragazzi una serie di attivit\u00e0 ludico-educative finalizzate a un sano e corretto sviluppo psicofisico del minore.<\/p>\n<p style=\"text-align: justify;\">Chiunque pu\u00f2 presentare domanda per iscrivere i propri bambini e le proprie bambine. L\u2019iscrizione pu\u00f2 prevedere il pagamento di una quota annuale che viene comunque calcolata in base all\u2019indicatore della situazione economica familiare (il cosiddetto ISEE). Tutte le attivit\u00e0 sono gratuite e riguardano laboratori creativi e artistici (grafica, pittura, disegno, ecc.), sport, musica e altri momenti ludici con valenza educativa. Nel mese di luglio vengono inoltre organizzate le colonie estive al mare o in piscina.<\/p>\n<p style=\"text-align: justify;\">Il Centro \u00e8 aperto 11 mesi all\u2019anno (chiude nel solo mese di agosto) dal luned\u00ec al venerd\u00ec, dalle 14.30 alle 18.30. Per mettersi in contatto con la struttura \u00e8 possibile chiamare i seguenti numeri: 0773 1725121 oppure 335 8144559.<\/p>\n<p style=\"text-align: justify;\">\u00a0Alla cerimonia di inaugurazione, allargata a tutti i cittadini che vorranno partecipare, saranno presenti anche il Sindaco di Latina Damiano Coletta e l\u2019Assessora al Welfare e Pari opportunit\u00e0 Patrizia Ciccarelli. La cittadinanza \u00e8 invitata a partecipare.<\/p>\n<div class=\"radio-posizionamento-telefono-in-articoli-dopo-il-contenuto-articolo radio-entity-placement\" id=\"radio-1885361817\"><div id=\"radio-3881247839\" style=\"width: 300px;height: 250px;\"><a href=\"https:\/\/www.icarspa.it\/auto\/usate\/latina\/\" aria-label=\"banner aprile icar new life &#8211; auto usate latina\"><img loading=\"lazy\" decoding=\"async\" src=\"https:\/\/www.radioluna.it\/news\/wp-content\/uploads\/2026\/02\/banner-aprile-icar-new-life-auto-usate-latina.gif\" alt=\"\"  width=\"300\" height=\"250\"   \/><\/a><\/div><\/div>","protected":false},"excerpt":{"rendered":"<p>LATINA &#8211;\u00a0Si terr\u00e0 venerd\u00ec 10 maggio a partire dalle 16.00 l\u2019inaugurazione della nuova sede del Centro Minori di Latina Scalo, la struttura del Comune gestita dal Consorzio Parsifal che accoglie ragazzi dai 6 ai 15 anni residenti nei Comuni di Latina e Sermoneta. In realt\u00e0\u00a0 \u00a0&#8211; spiegano dal Comune in una nota &#8211; si tratta [&hellip;]<\/p>\n","protected":false},"author":60,"featured_media":245822,"comment_status":"open","ping_status":"open","sticky":false,"template":"","format":"standard","meta":{"footnotes":""},"categories":[2403],"tags":[],"class_list":["post-245821","post","type-post","status-publish","format-standard","has-post-thumbnail","hentry","category-le-cose-in-comune"],"_links":{"self":[{"href":"https:\/\/www.radioluna.it\/news\/wp-json\/wp\/v2\/posts\/245821","targetHints":{"allow":["GET"]}}],"collection":[{"href":"https:\/\/www.radioluna.it\/news\/wp-json\/wp\/v2\/posts"}],"about":[{"href":"https:\/\/www.radioluna.it\/news\/wp-json\/wp\/v2\/types\/post"}],"author":[{"embeddable":true,"href":"https:\/\/www.radioluna.it\/news\/wp-json\/wp\/v2\/users\/60"}],"replies":[{"embeddable":true,"href":"https:\/\/www.radioluna.it\/news\/wp-json\/wp\/v2\/comments?post=245821"}],"version-history":[{"count":0,"href":"https:\/\/www.radioluna.it\/news\/wp-json\/wp\/v2\/posts\/245821\/revisions"}],"wp:featuredmedia":[{"embeddable":true,"href":"https:\/\/www.radioluna.it\/news\/wp-json\/wp\/v2\/media\/245822"}],"wp:attachment":[{"href":"https:\/\/www.radioluna.it\/news\/wp-json\/wp\/v2\/media?parent=245821"}],"wp:term":[{"taxonomy":"category","embeddable":true,"href":"https:\/\/www.radioluna.it\/news\/wp-json\/wp\/v2\/categories?post=245821"},{"taxonomy":"post_tag","embeddable":true,"href":"https:\/\/www.radioluna.it\/news\/wp-json\/wp\/v2\/tags?post=245821"}],"curies":[{"name":"wp","href":"https:\/\/api.w.org\/{rel}","templated":true}]}}