{"id":245913,"date":"2019-05-10T08:23:06","date_gmt":"2019-05-10T06:23:06","guid":{"rendered":"https:\/\/www.radioluna.it\/news\/?p=245913"},"modified":"2019-05-11T10:49:20","modified_gmt":"2019-05-11T08:49:20","slug":"latina-lido-si-risveglia-via-al-montaggio-dei-chioschi-tra-capoportiere-e-rio-martino","status":"publish","type":"post","link":"https:\/\/www.radioluna.it\/news\/2019\/05\/latina-lido-si-risveglia-via-al-montaggio-dei-chioschi-tra-capoportiere-e-rio-martino\/","title":{"rendered":"Latina Lido si risveglia, via al montaggio dei chioschi tra Capoportiere e Rio Martino"},"content":{"rendered":"<div id=\"fb-root\"><\/div>\n<p style=\"text-align: justify;\"><strong>LATINA &#8211;\u00a0<\/strong>Il tempo \u00e8 ancora molto variabile, ma la stagione estiva \u00e8 alle porte e sul lato ricompreso nel Parco Nazionale del Circeo, tra Capoportiere e Rio Martino, si stanno montando in questi giorni i primi chioschi.<strong>\u00a0<\/strong>\u00a0Gru e operai al lavoro per le strutture temporanee che dovranno smontare il 31 ottobre, dal momento che non sono tra quelle ricomprese nella deroga prevista dalla Finanziaria che si occupa solo delle concessioni balneari, in tutto 28 sul litorale di Latina.<\/p>\n<p style=\"text-align: justify;\">Quest\u2019anno, grazie all\u2019accordo trovato con il Parco Nazionale del Circeo, i gestori hanno potuto ottenere qualcosa in pi\u00f9: potranno lasciare le attrezzature in spiaggia anche la notte e avranno pi\u00f9 panorama, perch\u00e9 \u00e8 stato autorizzato il rialzo della pedana di mezzo metro. Dovranno anche &#8220;dare&#8221; qualcosa in pi\u00f9, garantendo il servizio di avvistamento e di salvataggio.<\/p>\n<p style=\"text-align: justify;\">Partiti al Lido anche i lavori per i 31 accessi al mare, di cui 20 passerelle sono proprio sul Lato &#8220;B&#8221;, cinque di queste saranno rifatte integralmente.<\/p>\n<p style=\"text-align: justify;\">Il punto con l\u2019assessore all\u2019Ambiente del Comune di Latina, Roberto Lessio<\/p>\n<audio class=\"wp-audio-shortcode\" id=\"audio-245913-1\" preload=\"none\" style=\"width: 100%;\" controls=\"controls\"><source type=\"audio\/mpeg\" src=\"https:\/\/www.radioluna.it\/news\/wp-content\/uploads\/2019\/05\/lessio.mp3?_=1\" \/><a href=\"https:\/\/www.radioluna.it\/news\/wp-content\/uploads\/2019\/05\/lessio.mp3\">https:\/\/www.radioluna.it\/news\/wp-content\/uploads\/2019\/05\/lessio.mp3<\/a><\/audio>\n<p style=\"text-align: justify;\"><strong>IL RIPASCIMENTO &#8211;<\/strong> La nota dolente resta il ripascimento, visto che le procedure sono in stato di avanzamento, ma non ancora del tutto concluse. &#8220;Ci muoviamo su tre filoni &#8211; spiega Lessio &#8211; I primi interventi saranno realizzati con 2,5 ml di euro della Regione Lazio con un dragaggio veloce davanti all&#8217;Hotel Fogliano e nell&#8217;area antistante lo stabilimento della Polizia di Stato dove abbiamo chiesto l&#8217;autorizzazione a movimentare 20 mila metri cubi di sabbia. Siamo in attesa a giorni dell&#8217;autorizzazione, e l&#8217;intervento che realizzeremo entro un mese, durer\u00e0 un paio di giorni&#8221;. Tra i progetti anche quello di una &#8220;banca della sabbia&#8221; da creare a Rio Martino e Foce Verde.<\/p>\n<p style=\"text-align: justify;\">Pi\u00f9 lunga invece si annuncia la procedura per la difesa della sabbia che sar\u00e0 &#8220;riportata&#8221; con il ripascimento, intervento necessario perch\u00e9 consente di stabilizzarne gli effetti. Nello scontro tra diverse vedute &#8211; le techno reef, ovvero le barriere soffolte utili anche per il ripopolamento ittico, il geotubo e i pennelli &#8211; l&#8217;Amministrazione ha scelto di procedere con un Avviso Pubblico che sar\u00e0 emesso a giorni per raccogliere i progetti e presentarli alla Regione Lazio che dovr\u00e0 dare l&#8217;ok e finanziare le opere.<\/p>\n<p style=\"text-align: justify;\"><strong>GLI EVENTI<\/strong> &#8211; E il Lido d&#8217;estate significa anche eventi. Per questa ragione ieri\u00a0 pomeriggio decine di associazioni e imprese hanno partecipato alla prima riunione per ricevere informazioni e assistenza sulle procedure relative al bando per l&#8217;estate &#8216;Un mare di eventi&#8217;.\u00a0L&#8217;assessore alla cultura, turismo e sport Silvio Di Francia ha spiegato che l&#8217;obiettivo vuole essere quello di valorizzare con iniziative culturali, sportive e d&#8217;intrattenimento il centro citt\u00e0, i borghi e la marina. Con un focus particolare su due date: il 30 Giugno, Fondazione della citt\u00e0, e il 20 Luglio, data del primo sbarco sulla Luna. L&#8217;avviso pubblico \u00e8 stato poi analizzato e spiegato nel dettaglio ai presenti dal RUP, alla presenza della dirigente del servizio.\u00a0Prossimo appuntamento il 16 Maggio a partire dalle 15.30.<\/p>\n<div class=\"radio-posizionamento-telefono-in-articoli-dopo-il-contenuto-articolo radio-entity-placement\" id=\"radio-1195699023\"><div id=\"radio-3393326421\" style=\"width: 300px;height: 250px;\"><a href=\"https:\/\/www.icarspa.it\/auto\/usate\/latina\/\" aria-label=\"banner aprile icar new life &#8211; auto usate latina\"><img loading=\"lazy\" decoding=\"async\" src=\"https:\/\/www.radioluna.it\/news\/wp-content\/uploads\/2026\/02\/banner-aprile-icar-new-life-auto-usate-latina.gif\" alt=\"\"  width=\"300\" height=\"250\"   \/><\/a><\/div><\/div>","protected":false},"excerpt":{"rendered":"<p>LATINA &#8211;\u00a0Il tempo \u00e8 ancora molto variabile, ma la stagione estiva \u00e8 alle porte e sul lato ricompreso nel Parco Nazionale del Circeo, tra Capoportiere e Rio Martino, si stanno montando in questi giorni i primi chioschi.\u00a0\u00a0Gru e operai al lavoro per le strutture temporanee che dovranno smontare il 31 ottobre, dal momento che non [&hellip;]<\/p>\n","protected":false},"author":62,"featured_media":245916,"comment_status":"open","ping_status":"open","sticky":false,"template":"","format":"standard","meta":{"footnotes":""},"categories":[12,2310],"tags":[],"class_list":["post-245913","post","type-post","status-publish","format-standard","has-post-thumbnail","hentry","category-ambiente","category-audio"],"_links":{"self":[{"href":"https:\/\/www.radioluna.it\/news\/wp-json\/wp\/v2\/posts\/245913","targetHints":{"allow":["GET"]}}],"collection":[{"href":"https:\/\/www.radioluna.it\/news\/wp-json\/wp\/v2\/posts"}],"about":[{"href":"https:\/\/www.radioluna.it\/news\/wp-json\/wp\/v2\/types\/post"}],"author":[{"embeddable":true,"href":"https:\/\/www.radioluna.it\/news\/wp-json\/wp\/v2\/users\/62"}],"replies":[{"embeddable":true,"href":"https:\/\/www.radioluna.it\/news\/wp-json\/wp\/v2\/comments?post=245913"}],"version-history":[{"count":0,"href":"https:\/\/www.radioluna.it\/news\/wp-json\/wp\/v2\/posts\/245913\/revisions"}],"wp:featuredmedia":[{"embeddable":true,"href":"https:\/\/www.radioluna.it\/news\/wp-json\/wp\/v2\/media\/245916"}],"wp:attachment":[{"href":"https:\/\/www.radioluna.it\/news\/wp-json\/wp\/v2\/media?parent=245913"}],"wp:term":[{"taxonomy":"category","embeddable":true,"href":"https:\/\/www.radioluna.it\/news\/wp-json\/wp\/v2\/categories?post=245913"},{"taxonomy":"post_tag","embeddable":true,"href":"https:\/\/www.radioluna.it\/news\/wp-json\/wp\/v2\/tags?post=245913"}],"curies":[{"name":"wp","href":"https:\/\/api.w.org\/{rel}","templated":true}]}}