{"id":245983,"date":"2019-05-10T14:32:10","date_gmt":"2019-05-10T12:32:10","guid":{"rendered":"https:\/\/www.radioluna.it\/news\/?p=245983"},"modified":"2019-05-10T14:32:10","modified_gmt":"2019-05-10T12:32:10","slug":"latina-lex-rossi-sud-da-expo-a-incubatore-di-start-up-accordo-provincia-comune","status":"publish","type":"post","link":"https:\/\/www.radioluna.it\/news\/2019\/05\/latina-lex-rossi-sud-da-expo-a-incubatore-di-start-up-accordo-provincia-comune\/","title":{"rendered":"Latina, l&#8217;ex Rossi Sud da expo&#8217; a incubatore di start up: accordo Provincia-Comune"},"content":{"rendered":"<div id=\"fb-root\"><\/div>\n<p style=\"text-align: justify;\"><strong>LATINA &#8211;<\/strong>\u00a0Sorger\u00e0 nel padiglione C della ex Rossi Sud sulla via dei Monti Lepini, all\u2019ingresso sud di Latina, un incubatore d\u2019impresa. Grazie ad un finanziamento da un milione e mezzo di euro infatti la palazzina \u00e8 stata riammodernata e resa efficiente dal punto di vista energetico e ora, i suoi 3000 metri quadrati diventeranno un luogo di aggregazione per tutti i giovani interessati a sviluppare innovazione e ricerca attraverso start up. La Provincia emetter\u00e0 a breve il bando per la gestione dell\u2019incubatore.<\/p>\n<p style=\"text-align: justify;\">Si tratta dell&#8217;avvio del progetto di rilancio del sito industriale dismesso che doveva diventare un polo fieristico e che sta ora conoscendo una nuova identit\u00e0. Alla riuscita dell\u2019iniziativa collaborer\u00e0 con Via Costa, il Comune di Latina sulla base di un protocollo tra i due enti sottoscritto questa mattina dal presidente Carlo Medici e dal sindaco di Latina Damiano Coletta accompagnato dall\u2019assessora alle politiche giovanili Cristina Leggio.<\/p>\n<p style=\"text-align: justify;\">&#8220;Un altro passo in avanti per dare un senso al complesso ex Rossi Sud, un centro di ricerca e sviluppo su tre campi strategici: l&#8217;agroalimentare, il chimico-farmaceutico e il settore della meccanica&#8221;, ha detto Medici che ha ribadito la necessit\u00e0 che la Regione Lazio provveda alle leggi di riordino delle Province, in modo da rendere le funzioni residue possibili.<\/p>\n<audio class=\"wp-audio-shortcode\" id=\"audio-245983-1\" preload=\"none\" style=\"width: 100%;\" controls=\"controls\"><source type=\"audio\/mpeg\" src=\"https:\/\/www.radioluna.it\/news\/wp-content\/uploads\/2019\/05\/medici-rossi-sud.mp3?_=1\" \/><a href=\"https:\/\/www.radioluna.it\/news\/wp-content\/uploads\/2019\/05\/medici-rossi-sud.mp3\">https:\/\/www.radioluna.it\/news\/wp-content\/uploads\/2019\/05\/medici-rossi-sud.mp3<\/a><\/audio>\n<p style=\"text-align: justify;\">&#8220;Siamo un territorio con un&#8217;alta percentuale di under 25 ai quali va offerta una prospettiva, questa \u00e8 l&#8217;occasione, \u00e8 il primo passo di un viaggio che porter\u00e0 il territorio ad esprimere le potenzialit\u00e0 che tutti gli riconosciamo&#8221;, ha sottolineato Coletta<\/p>\n<audio class=\"wp-audio-shortcode\" id=\"audio-245983-2\" preload=\"none\" style=\"width: 100%;\" controls=\"controls\"><source type=\"audio\/mpeg\" src=\"https:\/\/www.radioluna.it\/news\/wp-content\/uploads\/2019\/05\/Coletta-rossi-sud.mp3?_=2\" \/><a href=\"https:\/\/www.radioluna.it\/news\/wp-content\/uploads\/2019\/05\/Coletta-rossi-sud.mp3\">https:\/\/www.radioluna.it\/news\/wp-content\/uploads\/2019\/05\/Coletta-rossi-sud.mp3<\/a><\/audio>\n<p style=\"text-align: justify;\">&#8220;Abbiamo costituito un tavolo pi\u00f9 ampio\u00a0 che si avvale anche della preziosa collaborazione dell&#8217;universit\u00e0, della Camera di Commercio. Sar\u00e0 questo tavolo, anche con l&#8217;apporto di altri,\u00a0 a fornire la visione che guider\u00e0 le scelte, a partire dal bando per la gestione. Immaginiamo quello spazio come un luogo pieno e che far\u00e0 da snodo per la citt\u00e0 per quello che riguarda ricerca e innovazione&#8221;, ha spiegato l&#8217;assessora Cristina Leggio.<\/p>\n<audio class=\"wp-audio-shortcode\" id=\"audio-245983-3\" preload=\"none\" style=\"width: 100%;\" controls=\"controls\"><source type=\"audio\/mpeg\" src=\"https:\/\/www.radioluna.it\/news\/wp-content\/uploads\/2019\/05\/assessora-cristina-leggio-1.mp3?_=3\" \/><a href=\"https:\/\/www.radioluna.it\/news\/wp-content\/uploads\/2019\/05\/assessora-cristina-leggio-1.mp3\">https:\/\/www.radioluna.it\/news\/wp-content\/uploads\/2019\/05\/assessora-cristina-leggio-1.mp3<\/a><\/audio>\n<p>&nbsp;<\/p>\n<div class=\"radio-posizionamento-telefono-in-articoli-dopo-il-contenuto-articolo radio-entity-placement\" id=\"radio-4221589666\"><div id=\"radio-3911106041\"><a href=\"https:\/\/grupporedi.it\/\" aria-label=\"Redi-Qr\"><img loading=\"lazy\" decoding=\"async\" src=\"https:\/\/www.radioluna.it\/news\/wp-content\/uploads\/2026\/03\/Redi-Qr.jpg\" alt=\"\"  srcset=\"https:\/\/www.radioluna.it\/news\/wp-content\/uploads\/2026\/03\/Redi-Qr.jpg 800w, https:\/\/www.radioluna.it\/news\/wp-content\/uploads\/2026\/03\/Redi-Qr-768x639.jpg 768w\" sizes=\"(max-width: 800px) 100vw, 800px\" width=\"300\" height=\"250\"   \/><\/a><\/div><\/div>","protected":false},"excerpt":{"rendered":"<p>LATINA &#8211;\u00a0Sorger\u00e0 nel padiglione C della ex Rossi Sud sulla via dei Monti Lepini, all\u2019ingresso sud di Latina, un incubatore d\u2019impresa. Grazie ad un finanziamento da un milione e mezzo di euro infatti la palazzina \u00e8 stata riammodernata e resa efficiente dal punto di vista energetico e ora, i suoi 3000 metri quadrati diventeranno un [&hellip;]<\/p>\n","protected":false},"author":62,"featured_media":245986,"comment_status":"open","ping_status":"open","sticky":false,"template":"","format":"standard","meta":{"footnotes":""},"categories":[2310,11],"tags":[],"class_list":["post-245983","post","type-post","status-publish","format-standard","has-post-thumbnail","hentry","category-audio","category-economia"],"_links":{"self":[{"href":"https:\/\/www.radioluna.it\/news\/wp-json\/wp\/v2\/posts\/245983","targetHints":{"allow":["GET"]}}],"collection":[{"href":"https:\/\/www.radioluna.it\/news\/wp-json\/wp\/v2\/posts"}],"about":[{"href":"https:\/\/www.radioluna.it\/news\/wp-json\/wp\/v2\/types\/post"}],"author":[{"embeddable":true,"href":"https:\/\/www.radioluna.it\/news\/wp-json\/wp\/v2\/users\/62"}],"replies":[{"embeddable":true,"href":"https:\/\/www.radioluna.it\/news\/wp-json\/wp\/v2\/comments?post=245983"}],"version-history":[{"count":0,"href":"https:\/\/www.radioluna.it\/news\/wp-json\/wp\/v2\/posts\/245983\/revisions"}],"wp:featuredmedia":[{"embeddable":true,"href":"https:\/\/www.radioluna.it\/news\/wp-json\/wp\/v2\/media\/245986"}],"wp:attachment":[{"href":"https:\/\/www.radioluna.it\/news\/wp-json\/wp\/v2\/media?parent=245983"}],"wp:term":[{"taxonomy":"category","embeddable":true,"href":"https:\/\/www.radioluna.it\/news\/wp-json\/wp\/v2\/categories?post=245983"},{"taxonomy":"post_tag","embeddable":true,"href":"https:\/\/www.radioluna.it\/news\/wp-json\/wp\/v2\/tags?post=245983"}],"curies":[{"name":"wp","href":"https:\/\/api.w.org\/{rel}","templated":true}]}}