{"id":246055,"date":"2019-05-12T08:22:03","date_gmt":"2019-05-12T06:22:03","guid":{"rendered":"https:\/\/www.radioluna.it\/news\/?p=246055"},"modified":"2019-05-16T17:44:14","modified_gmt":"2019-05-16T15:44:14","slug":"unorchestra-per-pino-daniele-il-13-luglio-al-campo-coni-di-latina","status":"publish","type":"post","link":"https:\/\/www.radioluna.it\/news\/2019\/05\/unorchestra-per-pino-daniele-il-13-luglio-al-campo-coni-di-latina\/","title":{"rendered":"Un&#8217;orchestra per Pino Daniele, il 13 luglio al campo Coni di Latina"},"content":{"rendered":"<div id=\"fb-root\"><\/div>\n<p style=\"text-align: justify;\"><strong>LATINA &#8211;<\/strong> La Fondazione Varaldo Di Pietro rinnova il suo impegno a sostegno della cultura collaborando con l\u2019Associazione Culturale Eleomai alla realizzazione dell&#8217;evento estivo \u201cUn&#8217;Orchestra per Pino Daniele\u201d con ospiti di eccezione Tullio De Piscopo e Tony Esposito che si terr\u00e0 sabato 13 luglio a Latina nell&#8217;impianto del Campo CONI di Via Botticelli, nell&#8217;ambito della sesta edizione de I Salotti Musicali &#8211; Summer Festival.<\/p>\n<p style=\"text-align: justify;\">Non solo grande musica ma soprattutto un forte impegno nel sociale contraddistingue la mission e la storia della Fondazione Di Pietro, presieduta da Giovanni Di Pietro (l&#8217;organizzazione del Premio Mecenate dello Sport e il sostegno a Special Olympics tra le tante), quindi in accordo con la Pino Daniele Trust Onlus, una parte dell&#8217;incasso del concerto sar\u00e0 devoluto al progetto &#8220;SurPass &#8211; Dopo&#8221;, il passaporto del guarito, promosso dall&#8217;Associazione Oncologia Pediatrica e Neuroblastoma &#8211; OPEN Onlus, al fine di garantire ai ragazzi e giovani adulti curati per tumore in et\u00e0 pediatrica o adolescenziale un\u2019assistenza a lungo termine ottimale.<\/p>\n<p style=\"text-align: justify;\">\u201cUn&#8217;Orchestra per Pino Daniele\u201d \u00e8 un omaggio fatto con e dai musicisti che hanno condiviso con lui i pi\u00f9 grandi successi: Tullio De Piscopo e Tony Esposito, in una produzione originale che li vedr\u00e0 protagonisti assoluti accompagnati da una orchestra di oltre venti elementi (la Molise Light Orchestra diretta da Antonello Capuano), due voci (Ilaria Bucci e Antonio Caccavale), una base ritmica e Simone Sala al pianoforte, che ci faranno rivivere le emozioni delle pi\u00f9 belle canzoni dell&#8217;indimenticabile artista napoletano: Napule \u00e8, Quando, Toledo, Yes I know my way,\u00a0A me me piace &#8216;o blues e tanto altro ancora in due ore di spettacolo.<\/p>\n<p style=\"text-align: justify;\">L\u2019idea di riarrangiare molti dei brani che nei primi anni 80 lanciarono definitivamente Pino Daniele nell\u2019olimpo dei grandi artisti, nasce innanzitutto dall\u2019esigenza assoluta di voler \u201ccelebrare\u201d la sua scomparsa attraverso la sua stessa eredit\u00e0 musicale, insieme alla voglia di offrire all\u2019ascoltatore un caleidoscopio di emozioni e sensazioni, figlie dell\u2019approccio alla musica di Pino Daniele, senza voler essere un \u201ctributo\u201d o una \u201ccover\u201d.\u00a0\u00a0Prevendita biglietti: Circuito Boxoffice Lazio<\/p>\n<p>&nbsp;<\/p>\n<div class=\"radio-posizionamento-telefono-in-articoli-dopo-il-contenuto-articolo radio-entity-placement\" id=\"radio-2067390483\"><div id=\"radio-514207653\"><a href=\"https:\/\/grupporedi.it\/\" aria-label=\"Redi-Qr\"><img loading=\"lazy\" decoding=\"async\" src=\"https:\/\/www.radioluna.it\/news\/wp-content\/uploads\/2026\/03\/Redi-Qr.jpg\" alt=\"\"  srcset=\"https:\/\/www.radioluna.it\/news\/wp-content\/uploads\/2026\/03\/Redi-Qr.jpg 800w, https:\/\/www.radioluna.it\/news\/wp-content\/uploads\/2026\/03\/Redi-Qr-768x639.jpg 768w\" sizes=\"(max-width: 800px) 100vw, 800px\" width=\"300\" height=\"250\"   \/><\/a><\/div><\/div>","protected":false},"excerpt":{"rendered":"<p>LATINA &#8211; La Fondazione Varaldo Di Pietro rinnova il suo impegno a sostegno della cultura collaborando con l\u2019Associazione Culturale Eleomai alla realizzazione dell&#8217;evento estivo \u201cUn&#8217;Orchestra per Pino Daniele\u201d con ospiti di eccezione Tullio De Piscopo e Tony Esposito che si terr\u00e0 sabato 13 luglio a Latina nell&#8217;impianto del Campo CONI di Via Botticelli, nell&#8217;ambito della [&hellip;]<\/p>\n","protected":false},"author":60,"featured_media":0,"comment_status":"open","ping_status":"open","sticky":false,"template":"","format":"standard","meta":{"footnotes":""},"categories":[16],"tags":[],"class_list":["post-246055","post","type-post","status-publish","format-standard","hentry","category-appuntamenti"],"_links":{"self":[{"href":"https:\/\/www.radioluna.it\/news\/wp-json\/wp\/v2\/posts\/246055","targetHints":{"allow":["GET"]}}],"collection":[{"href":"https:\/\/www.radioluna.it\/news\/wp-json\/wp\/v2\/posts"}],"about":[{"href":"https:\/\/www.radioluna.it\/news\/wp-json\/wp\/v2\/types\/post"}],"author":[{"embeddable":true,"href":"https:\/\/www.radioluna.it\/news\/wp-json\/wp\/v2\/users\/60"}],"replies":[{"embeddable":true,"href":"https:\/\/www.radioluna.it\/news\/wp-json\/wp\/v2\/comments?post=246055"}],"version-history":[{"count":0,"href":"https:\/\/www.radioluna.it\/news\/wp-json\/wp\/v2\/posts\/246055\/revisions"}],"wp:attachment":[{"href":"https:\/\/www.radioluna.it\/news\/wp-json\/wp\/v2\/media?parent=246055"}],"wp:term":[{"taxonomy":"category","embeddable":true,"href":"https:\/\/www.radioluna.it\/news\/wp-json\/wp\/v2\/categories?post=246055"},{"taxonomy":"post_tag","embeddable":true,"href":"https:\/\/www.radioluna.it\/news\/wp-json\/wp\/v2\/tags?post=246055"}],"curies":[{"name":"wp","href":"https:\/\/api.w.org\/{rel}","templated":true}]}}