{"id":246183,"date":"2019-05-14T15:11:13","date_gmt":"2019-05-14T13:11:13","guid":{"rendered":"https:\/\/www.radioluna.it\/news\/?p=246183"},"modified":"2019-05-16T17:42:52","modified_gmt":"2019-05-16T15:42:52","slug":"aci-alla-tappa-pontina-del-giro-ditalia-per-la-sicurezza-stradale","status":"publish","type":"post","link":"https:\/\/www.radioluna.it\/news\/2019\/05\/aci-alla-tappa-pontina-del-giro-ditalia-per-la-sicurezza-stradale\/","title":{"rendered":"L&#8217;Aci alla tappa pontina del Giro D&#8217;Italia per la sicurezza stradale"},"content":{"rendered":"<div id=\"fb-root\"><\/div>\n<p><iframe loading=\"lazy\" title=\"#rispettiamoci\" width=\"740\" height=\"416\" src=\"https:\/\/www.youtube.com\/embed\/6lzC1Ukj3kc?feature=oembed\" frameborder=\"0\" allow=\"accelerometer; autoplay; clipboard-write; encrypted-media; gyroscope; picture-in-picture; web-share\" referrerpolicy=\"strict-origin-when-cross-origin\" allowfullscreen><\/iframe><\/p>\n<p style=\"text-align: justify;\"><strong>TERRACINA &#8211;\u00a0<\/strong>Con l&#8217;hashtag #rispettiamoci, l&#8217;ACI ha lanciato in occasione del al 102\u00b0 Giro d&#8217;Italia la campagna di sensibilizzazione per la sicurezza di automobilisti e ciclisti. Solo nella provincia di Latina, nel 2017 si sono contati 159 sinistri con 9 morti e 164 feriti &#8211; dicono dall&#8217;Automobile Club. Su base nazionale il trend dell\u2019incidentalit\u00e0 \u00e8 crescente (+0,8 su base annua) e in provincia di Latina \u00e8 in aumento del 41%.<\/p>\n<p style=\"text-align: justify;\"><strong>GUIDA SICURA NEL VILLAGGIO<\/strong> &#8211;\u00a0 Nel villaggio del Giro allestito domani a Terracina, l\u2019Automobile Club d\u2019Italia e gli istruttori del Centro di Guida Sicura ACI-Sara di Vallelunga illustreranno un decalogo con consigli ed indicazioni per automobilisti e ciclisti, chiamati a condividere la strada in sicurezza. Sara Assicurazioni presenter\u00e0 i nuovi servizi di assistenza e tutela, espressamente studiati per chi va in bici.<\/p>\n<p style=\"text-align: justify;\">\u201cACI e Sara Assicurazioni collaborano con il Giro d\u2019Italia \u2013 dichiara Monica Roccato, presidente dell\u2019Automobile Club di Latina, che interverr\u00e0 domani alla cerimonia di arrivo della tappa a Terracina \u2013 per promuovere i valori della sicurezza stradale e dello sport, ma anche la grande tradizione motoristica che ci contraddistingue nel mondo: quattro auto storiche sfileranno nell\u2019ultimo chilometro di ogni tappa del Giro sotto l\u2019egida di ACI Storico&#8221;. Al termine della tappa anche la consegna della maglia rossa ACI al miglior sprinter del Giro E, che vede correre sullo stesso percorso della maglia rosa le biciclette elettriche, sempre pi\u00f9 protagoniste della mobilit\u00e0 nei centri urbani.<\/p>\n<p style=\"text-align: justify;\">La partecipazione di ACI vede il sostegno della FCI &#8211; Federazione Ciclistica Italiana e dell&#8217;Associazione CONASS, presieduta dal pluricampione Ivan Basso, recentemente nominato Ambasciatore della Sicurezza dei ciclisti 2019 dal &#8220;Progetto Scorta&#8221;.<\/p>\n<div class=\"radio-posizionamento-telefono-in-articoli-dopo-il-contenuto-articolo radio-entity-placement\" id=\"radio-1831531909\"><div id=\"radio-2854820825\"><a href=\"https:\/\/www.simeoneceramiche.com\/\" aria-label=\"SIMEONE CERAMICHE GIF animata per radioluna_Tavola disegno 1 copia 2 (online-video-cutter.com)\"><img loading=\"lazy\" decoding=\"async\" src=\"https:\/\/www.radioluna.it\/news\/wp-content\/uploads\/2025\/05\/SIMEONE-CERAMICHE-GIF-animata-per-radioluna_Tavola-disegno-1-copia-2-online-video-cutter.com_.gif\" alt=\"\"  width=\"300\" height=\"250\"   \/><\/a><\/div><\/div>","protected":false},"excerpt":{"rendered":"<p>TERRACINA &#8211;\u00a0Con l&#8217;hashtag #rispettiamoci, l&#8217;ACI ha lanciato in occasione del al 102\u00b0 Giro d&#8217;Italia la campagna di sensibilizzazione per la sicurezza di automobilisti e ciclisti. Solo nella provincia di Latina, nel 2017 si sono contati 159 sinistri con 9 morti e 164 feriti &#8211; dicono dall&#8217;Automobile Club. Su base nazionale il trend dell\u2019incidentalit\u00e0 \u00e8 crescente [&hellip;]<\/p>\n","protected":false},"author":60,"featured_media":246186,"comment_status":"open","ping_status":"open","sticky":false,"template":"","format":"video","meta":{"footnotes":""},"categories":[735],"tags":[],"class_list":["post-246183","post","type-post","status-publish","format-video","has-post-thumbnail","hentry","category-attualita","post_format-post-format-video"],"_links":{"self":[{"href":"https:\/\/www.radioluna.it\/news\/wp-json\/wp\/v2\/posts\/246183","targetHints":{"allow":["GET"]}}],"collection":[{"href":"https:\/\/www.radioluna.it\/news\/wp-json\/wp\/v2\/posts"}],"about":[{"href":"https:\/\/www.radioluna.it\/news\/wp-json\/wp\/v2\/types\/post"}],"author":[{"embeddable":true,"href":"https:\/\/www.radioluna.it\/news\/wp-json\/wp\/v2\/users\/60"}],"replies":[{"embeddable":true,"href":"https:\/\/www.radioluna.it\/news\/wp-json\/wp\/v2\/comments?post=246183"}],"version-history":[{"count":0,"href":"https:\/\/www.radioluna.it\/news\/wp-json\/wp\/v2\/posts\/246183\/revisions"}],"wp:featuredmedia":[{"embeddable":true,"href":"https:\/\/www.radioluna.it\/news\/wp-json\/wp\/v2\/media\/246186"}],"wp:attachment":[{"href":"https:\/\/www.radioluna.it\/news\/wp-json\/wp\/v2\/media?parent=246183"}],"wp:term":[{"taxonomy":"category","embeddable":true,"href":"https:\/\/www.radioluna.it\/news\/wp-json\/wp\/v2\/categories?post=246183"},{"taxonomy":"post_tag","embeddable":true,"href":"https:\/\/www.radioluna.it\/news\/wp-json\/wp\/v2\/tags?post=246183"}],"curies":[{"name":"wp","href":"https:\/\/api.w.org\/{rel}","templated":true}]}}