{"id":246385,"date":"2019-05-16T19:11:22","date_gmt":"2019-05-16T17:11:22","guid":{"rendered":"https:\/\/www.radioluna.it\/news\/?p=246385"},"modified":"2019-05-17T08:25:44","modified_gmt":"2019-05-17T06:25:44","slug":"il-comune-di-latina-finalista-al-premio-opengov-champion-2019","status":"publish","type":"post","link":"https:\/\/www.radioluna.it\/news\/2019\/05\/il-comune-di-latina-finalista-al-premio-opengov-champion-2019\/","title":{"rendered":"Il Comune di Latina finalista al Premio OpenGov Champion 2019"},"content":{"rendered":"<div id=\"fb-root\"><\/div>\n<p style=\"text-align: justify;\"><strong>LATINA &#8211;<\/strong>\u00a0Il Comune di Latina \u00e8 stato selezionato fra i 32 finalisti che concorrono all\u2019attribuzione del Premio OpenGov Champion 2019,\u00a0selezionato tra 104 iniziative per il processo di informatizzazione dei servizi scolastici sviluppato negli ultimi 2 anni.<\/p>\n<p style=\"text-align: justify;\">L&#8217;attestato riservato alle amministrazioni finaliste \u00e8 stato ritirato oggi dall&#8217;assessora alla Citt\u00e0 internazionale, Politiche giovanili, Partecipazione e Smart City, Cristina Leggio alla presenza del Capo Dipartimento Funzione Pubblica Maria Baril\u00e0 in occasione del convegno \u201cCittadinanza attiva, amministrazione aperta e partecipazione: esperienze che fanno scuola\u201d, che si \u00e8 svolto al ForumPa di Roma.<\/p>\n<p style=\"text-align: justify;\">\u00abUn meritatissimo riconoscimento &#8211; dichiara l\u2019Assessora Leggio &#8211; al lavoro del servizio Pubblica Istruzione e Politiche Giovanili e del Servizio Innovazione e Servizi digitali-Citt\u00e0 internazionale e Programmazione europea. Oggi uno dei prodotti della loro competenza e del loro impegno \u00e8 stato riconosciuto tra le migliori pratiche della PA italiana. A questa squadra va il mio grazie sincero, \u00e8 attraverso il loro lavoro quotidiano unito a quello di tutti gli altri servizi che la nostra amministrazione si trasforma e diventa sempre pi\u00f9 capace di rispondere alle esigenze di prossimit\u00e0 dei cittadini per realizzare una nuova visione di citt\u00e0\u00bb.<\/p>\n<p style=\"text-align: justify;\">Il riconoscimento, organizzato e promosso dal\u00a0Dipartimento della Funzione Pubblica\u00a0della Presidenza del Consiglio dei Ministri, in collaborazione con l\u2019Open Government Forum, \u00e8 finalizzato a riconoscere e valorizzare nelle organizzazioni pubbliche italiane l\u2019adozione di pratiche ispirate ai principi fondanti dell\u2019amministrazione aperta.<\/p>\n<div class=\"radio-posizionamento-telefono-in-articoli-dopo-il-contenuto-articolo radio-entity-placement\" id=\"radio-3647604759\"><div id=\"radio-1918714471\" style=\"width: 300px;height: 250px;\"><a href=\"https:\/\/www.icarspa.it\/auto\/usate\/latina\/\" aria-label=\"banner aprile icar new life &#8211; auto usate latina\"><img loading=\"lazy\" decoding=\"async\" src=\"https:\/\/www.radioluna.it\/news\/wp-content\/uploads\/2026\/02\/banner-aprile-icar-new-life-auto-usate-latina.gif\" alt=\"\"  width=\"300\" height=\"250\"   \/><\/a><\/div><\/div>","protected":false},"excerpt":{"rendered":"<p>LATINA &#8211;\u00a0Il Comune di Latina \u00e8 stato selezionato fra i 32 finalisti che concorrono all\u2019attribuzione del Premio OpenGov Champion 2019,\u00a0selezionato tra 104 iniziative per il processo di informatizzazione dei servizi scolastici sviluppato negli ultimi 2 anni. L&#8217;attestato riservato alle amministrazioni finaliste \u00e8 stato ritirato oggi dall&#8217;assessora alla Citt\u00e0 internazionale, Politiche giovanili, Partecipazione e Smart City, [&hellip;]<\/p>\n","protected":false},"author":62,"featured_media":246386,"comment_status":"open","ping_status":"open","sticky":false,"template":"","format":"standard","meta":{"footnotes":""},"categories":[735,2403],"tags":[],"class_list":["post-246385","post","type-post","status-publish","format-standard","has-post-thumbnail","hentry","category-attualita","category-le-cose-in-comune"],"_links":{"self":[{"href":"https:\/\/www.radioluna.it\/news\/wp-json\/wp\/v2\/posts\/246385","targetHints":{"allow":["GET"]}}],"collection":[{"href":"https:\/\/www.radioluna.it\/news\/wp-json\/wp\/v2\/posts"}],"about":[{"href":"https:\/\/www.radioluna.it\/news\/wp-json\/wp\/v2\/types\/post"}],"author":[{"embeddable":true,"href":"https:\/\/www.radioluna.it\/news\/wp-json\/wp\/v2\/users\/62"}],"replies":[{"embeddable":true,"href":"https:\/\/www.radioluna.it\/news\/wp-json\/wp\/v2\/comments?post=246385"}],"version-history":[{"count":0,"href":"https:\/\/www.radioluna.it\/news\/wp-json\/wp\/v2\/posts\/246385\/revisions"}],"wp:featuredmedia":[{"embeddable":true,"href":"https:\/\/www.radioluna.it\/news\/wp-json\/wp\/v2\/media\/246386"}],"wp:attachment":[{"href":"https:\/\/www.radioluna.it\/news\/wp-json\/wp\/v2\/media?parent=246385"}],"wp:term":[{"taxonomy":"category","embeddable":true,"href":"https:\/\/www.radioluna.it\/news\/wp-json\/wp\/v2\/categories?post=246385"},{"taxonomy":"post_tag","embeddable":true,"href":"https:\/\/www.radioluna.it\/news\/wp-json\/wp\/v2\/tags?post=246385"}],"curies":[{"name":"wp","href":"https:\/\/api.w.org\/{rel}","templated":true}]}}