{"id":246488,"date":"2019-05-20T09:17:53","date_gmt":"2019-05-20T07:17:53","guid":{"rendered":"https:\/\/www.radioluna.it\/news\/?p=246488"},"modified":"2019-05-20T16:42:34","modified_gmt":"2019-05-20T14:42:34","slug":"indice-della-salute-latina-62-a-meta-classifica-grazie-alle-cure-per-linfarto-e-per-i-tumori","status":"publish","type":"post","link":"https:\/\/www.radioluna.it\/news\/2019\/05\/indice-della-salute-latina-62-a-meta-classifica-grazie-alle-cure-per-linfarto-e-per-i-tumori\/","title":{"rendered":"Indice della Salute, Latina 62\u00b0, a met\u00e0 classifica grazie alle cure per l&#8217;infarto e per i tumori"},"content":{"rendered":"<div id=\"fb-root\"><\/div>\n<p style=\"text-align: justify;\"><strong>LATINA &#8211;\u00a0<\/strong>Latina \u00e8 62\u00b0 nella classifica <em>Indice della Salute<\/em>\u00a0stilata dal Sole 24 Ore e pubblicata oggi sul quotidiano economico. Siamo a met\u00e0 strada tra eccellenza e bollini neri con numeri che raccontano una sanit\u00e0 a macchia di leopardo.<\/p>\n<p style=\"text-align: justify;\">Incidenza delle malattie, possibilit\u00e0 di curarle attraverso i farmaci, accesso alle cure e \u00a0disponibilit\u00e0 di personale specializzato, sono alcuni tra i 12 \u00a0indicatori che concorrono alla classifica della salute: Bolzano \u00e8 prima,\u00a0 ultima\u00a0Rieti. Latina ha tra le pi\u00f9 basse mortalit\u00e0 per infarto miocardico acuto (i dati riguardano gli ultimi 5 anni) uno dei valori che concorrono a portare il territorio pontino in posizione decisamente pi\u00f9 rassicurante rispetto alle altre province del Lazio, fanalini di coda nella classifica generale.<\/p>\n<p style=\"text-align: justify;\">Il primo indicatore \u00e8 il Tasso di mortalit\u00e0, dove Latina \u00e8 in 65\u00b0 posizione.<\/p>\n<p style=\"text-align: justify;\">Tre sono gli aspetti fondamentali che raccontano il benessere della nostra popolazione: alcune performance demografiche registrate negli ultimi anni come l\u2019incremento della speranza di vita alla nascita in cui Latina \u00e8 29\u00b0;\u00a0 alcuni fenomeni socio-sanitari come la mortalit\u00e0 annua per tumore (25\u00b0) e per infarto (6\u00b0) e il consumo di farmaci per asma (83\u00b0), diabete (85\u00b0) e ipertensione (53\u00b0).<\/p>\n<p style=\"text-align: justify;\">Infine, la capacit\u00e0 dei servizi sanitari territoriali di dare risposte: l\u2019emigrazione ospedaliera \u00e8 senz&#8217;altro ancora alta per un capoluogo di provincia (Latina \u00e8 58\u00b0) e la disponibilit\u00e0 di posti letto \u00e8 bassa (85\u00b0). Per quanto riguarda poi la presenza\u00a0 &#8211; in rapporto alla popolazione\u00a0 &#8211; di medici di base (70\u00b0), pediatri (90\u00b0) e geriatri (78\u00b0) \u00e8 mediamente insufficiente, e decisamente scarsa per quanto riguarda infanzia e bambini.<\/p>\n<p>L\u2019indice per la prima volta quest\u2019anno verr\u00e0 utilizzato nella Qualit\u00e0 della vita 2019, la classifica che storicamente viene pubblicata a fine anno e che misura i livelli di benessere del territorio.<\/p>\n<div class=\"radio-posizionamento-telefono-in-articoli-dopo-il-contenuto-articolo radio-entity-placement\" id=\"radio-997794165\"><div id=\"radio-2329068216\"><a href=\"https:\/\/grupporedi.it\/\" aria-label=\"Redi-Qr\"><img loading=\"lazy\" decoding=\"async\" src=\"https:\/\/www.radioluna.it\/news\/wp-content\/uploads\/2026\/03\/Redi-Qr.jpg\" alt=\"\"  srcset=\"https:\/\/www.radioluna.it\/news\/wp-content\/uploads\/2026\/03\/Redi-Qr.jpg 800w, https:\/\/www.radioluna.it\/news\/wp-content\/uploads\/2026\/03\/Redi-Qr-768x639.jpg 768w\" sizes=\"(max-width: 800px) 100vw, 800px\" width=\"300\" height=\"250\"   \/><\/a><\/div><\/div>","protected":false},"excerpt":{"rendered":"<p>LATINA &#8211;\u00a0Latina \u00e8 62\u00b0 nella classifica Indice della Salute\u00a0stilata dal Sole 24 Ore e pubblicata oggi sul quotidiano economico. Siamo a met\u00e0 strada tra eccellenza e bollini neri con numeri che raccontano una sanit\u00e0 a macchia di leopardo. Incidenza delle malattie, possibilit\u00e0 di curarle attraverso i farmaci, accesso alle cure e \u00a0disponibilit\u00e0 di personale specializzato, [&hellip;]<\/p>\n","protected":false},"author":62,"featured_media":246489,"comment_status":"open","ping_status":"open","sticky":false,"template":"","format":"standard","meta":{"footnotes":""},"categories":[735],"tags":[],"class_list":["post-246488","post","type-post","status-publish","format-standard","has-post-thumbnail","hentry","category-attualita"],"_links":{"self":[{"href":"https:\/\/www.radioluna.it\/news\/wp-json\/wp\/v2\/posts\/246488","targetHints":{"allow":["GET"]}}],"collection":[{"href":"https:\/\/www.radioluna.it\/news\/wp-json\/wp\/v2\/posts"}],"about":[{"href":"https:\/\/www.radioluna.it\/news\/wp-json\/wp\/v2\/types\/post"}],"author":[{"embeddable":true,"href":"https:\/\/www.radioluna.it\/news\/wp-json\/wp\/v2\/users\/62"}],"replies":[{"embeddable":true,"href":"https:\/\/www.radioluna.it\/news\/wp-json\/wp\/v2\/comments?post=246488"}],"version-history":[{"count":0,"href":"https:\/\/www.radioluna.it\/news\/wp-json\/wp\/v2\/posts\/246488\/revisions"}],"wp:featuredmedia":[{"embeddable":true,"href":"https:\/\/www.radioluna.it\/news\/wp-json\/wp\/v2\/media\/246489"}],"wp:attachment":[{"href":"https:\/\/www.radioluna.it\/news\/wp-json\/wp\/v2\/media?parent=246488"}],"wp:term":[{"taxonomy":"category","embeddable":true,"href":"https:\/\/www.radioluna.it\/news\/wp-json\/wp\/v2\/categories?post=246488"},{"taxonomy":"post_tag","embeddable":true,"href":"https:\/\/www.radioluna.it\/news\/wp-json\/wp\/v2\/tags?post=246488"}],"curies":[{"name":"wp","href":"https:\/\/api.w.org\/{rel}","templated":true}]}}