{"id":246811,"date":"2019-05-24T06:36:04","date_gmt":"2019-05-24T04:36:04","guid":{"rendered":"https:\/\/www.radioluna.it\/news\/?p=246811"},"modified":"2019-05-24T21:14:53","modified_gmt":"2019-05-24T19:14:53","slug":"per-noi-giordana-ha-gia-vinto-amici-ha-tirato-fuori-il-talento-che-ha","status":"publish","type":"post","link":"https:\/\/www.radioluna.it\/news\/2019\/05\/per-noi-giordana-ha-gia-vinto-amici-ha-tirato-fuori-il-talento-che-ha\/","title":{"rendered":"&#8220;Per noi Giordana ha gi\u00e0 vinto, Amici ha tirato fuori il talento che ha&#8221;"},"content":{"rendered":"<div id=\"fb-root\"><\/div>\n<p style=\"text-align: justify;\"><strong>LATINA &#8211; <\/strong>&#8220;Per noi Giordana ha gi\u00e0 vinto, ma se sabato alzer\u00e0 il braccio&#8230;..&#8221;. Dopo tre mesi di lontananza Sophie, la mamma di Giordana Angi, conta i giorni che la separano dalla figlia. Sono giorni lunghi, di agitazione, dopo mesi di lontananza, perch\u00e9 sabato c&#8217;\u00e8 la finale di Amici, e questa ragazza di Aprilia, entrata quasi a sorpresa tre mesi fa nella &#8220;casetta bianca&#8221;, ora rischia davvero di uscirne vincitrice: &#8220;Non posso dire quella parola per scaramanzia. E&#8217; un momento che aspettiamo da tanti anni, dopo cos\u00ec tanti sacrifici, c&#8217;\u00e8 quasi una chiesa dentro di noi&#8221;, dice Sophie che \u00e8 francese e ieri con la figlia Elisa ha mandato a Giordana un video, per darle la carica. Il resto lo hanno fatto le due dirette di Tiziano Ferro che ha voluto ricordare ai suoi fan che l&#8217;unica concorrente donna in finale ad Amici \u00e8 anche l&#8217;autrice di quattro pezzi del suo prossimo disco.<\/p>\n<p style=\"text-align: justify;\">&#8220;La scrittura \u00e8 sempre stata una sua passione, ma quando Giordana ha conosciuto la chitarra e il canto, ha abbinato la scrittura alla musica ed \u00e8 venuta fuori un&#8217;artista particolare&#8221;. I momenti difficili non sono mancati. Dopo la grande delusione di Sanremo Giovani, la tentazione di mollare, le tante esperienze, il call center, le serate nei piccoli locali, l&#8217;animazione, le serate alle Maldive. &#8220;Poi Amici ha tirato fuori tutto il suo talento. La possibilit\u00e0 di lavorare con dei vocal-coach d&#8217;eccezione; da ottobre, per me, ha fatto passi da gigante. Ha fatto un percorso di grande forza&#8221;.<\/p>\n<p style=\"text-align: justify;\">A casa danno la carica anche i messaggi dei fan: &#8220;Ogni giorno ne ricevo centinaia. Persone che mi ringraziano per la grinta di questa ragazza, per le sue parole che hanno davvero un impatto grande, perch\u00e9 i temi delle sue canzoni entrano dentro e lei sognava di parlare alle persone con i suoi pezzi. Sono messaggi carichi d&#8217;amore, \u00e8 veramente un&#8217;esperienza stupenda&#8221;.<\/p>\n<p style=\"text-align: justify;\">La finale \u00e8 a un passo. Giordana \u00e8 carichissima. Il repertorio assegnato per la gara \u00e8 bello e\u00a0 Aprilia si prepara con un maxi schermo. Ci sono tanti progetti e impegni in vista, a partire dall&#8217;in-store che da Aprilia toccher\u00e0 60 citt\u00e0 italiane tra cui Latina il 15 giugno. E poi Tiziano, Ricky Martin e Laura Pausini: &#8220;Credo che abbia davanti tanta strada&#8221;.<\/p>\n<audio class=\"wp-audio-shortcode\" id=\"audio-246811-1\" preload=\"none\" style=\"width: 100%;\" controls=\"controls\"><source type=\"audio\/mpeg\" src=\"https:\/\/www.radioluna.it\/news\/wp-content\/uploads\/2019\/05\/sophie-mamma-Giordana-1.mp3?_=1\" \/><a href=\"https:\/\/www.radioluna.it\/news\/wp-content\/uploads\/2019\/05\/sophie-mamma-Giordana-1.mp3\">https:\/\/www.radioluna.it\/news\/wp-content\/uploads\/2019\/05\/sophie-mamma-Giordana-1.mp3<\/a><\/audio>\n<div class=\"radio-posizionamento-telefono-in-articoli-dopo-il-contenuto-articolo radio-entity-placement\" id=\"radio-34054948\"><div id=\"radio-2545210106\"><a href=\"https:\/\/grupporedi.it\/\" aria-label=\"Redi-Qr\"><img loading=\"lazy\" decoding=\"async\" src=\"https:\/\/www.radioluna.it\/news\/wp-content\/uploads\/2026\/03\/Redi-Qr.jpg\" alt=\"\"  srcset=\"https:\/\/www.radioluna.it\/news\/wp-content\/uploads\/2026\/03\/Redi-Qr.jpg 800w, https:\/\/www.radioluna.it\/news\/wp-content\/uploads\/2026\/03\/Redi-Qr-768x639.jpg 768w\" sizes=\"(max-width: 800px) 100vw, 800px\" width=\"300\" height=\"250\"   \/><\/a><\/div><\/div>","protected":false},"excerpt":{"rendered":"<p>LATINA &#8211; &#8220;Per noi Giordana ha gi\u00e0 vinto, ma se sabato alzer\u00e0 il braccio&#8230;..&#8221;. Dopo tre mesi di lontananza Sophie, la mamma di Giordana Angi, conta i giorni che la separano dalla figlia. Sono giorni lunghi, di agitazione, dopo mesi di lontananza, perch\u00e9 sabato c&#8217;\u00e8 la finale di Amici, e questa ragazza di Aprilia, entrata [&hellip;]<\/p>\n","protected":false},"author":62,"featured_media":246812,"comment_status":"open","ping_status":"open","sticky":false,"template":"","format":"gallery","meta":{"footnotes":""},"categories":[735,2310,2311],"tags":[],"class_list":["post-246811","post","type-post","status-publish","format-gallery","has-post-thumbnail","hentry","category-attualita","category-audio","category-foto","post_format-post-format-gallery"],"_links":{"self":[{"href":"https:\/\/www.radioluna.it\/news\/wp-json\/wp\/v2\/posts\/246811","targetHints":{"allow":["GET"]}}],"collection":[{"href":"https:\/\/www.radioluna.it\/news\/wp-json\/wp\/v2\/posts"}],"about":[{"href":"https:\/\/www.radioluna.it\/news\/wp-json\/wp\/v2\/types\/post"}],"author":[{"embeddable":true,"href":"https:\/\/www.radioluna.it\/news\/wp-json\/wp\/v2\/users\/62"}],"replies":[{"embeddable":true,"href":"https:\/\/www.radioluna.it\/news\/wp-json\/wp\/v2\/comments?post=246811"}],"version-history":[{"count":0,"href":"https:\/\/www.radioluna.it\/news\/wp-json\/wp\/v2\/posts\/246811\/revisions"}],"wp:featuredmedia":[{"embeddable":true,"href":"https:\/\/www.radioluna.it\/news\/wp-json\/wp\/v2\/media\/246812"}],"wp:attachment":[{"href":"https:\/\/www.radioluna.it\/news\/wp-json\/wp\/v2\/media?parent=246811"}],"wp:term":[{"taxonomy":"category","embeddable":true,"href":"https:\/\/www.radioluna.it\/news\/wp-json\/wp\/v2\/categories?post=246811"},{"taxonomy":"post_tag","embeddable":true,"href":"https:\/\/www.radioluna.it\/news\/wp-json\/wp\/v2\/tags?post=246811"}],"curies":[{"name":"wp","href":"https:\/\/api.w.org\/{rel}","templated":true}]}}