{"id":246824,"date":"2019-05-24T07:59:50","date_gmt":"2019-05-24T05:59:50","guid":{"rendered":"https:\/\/www.radioluna.it\/news\/?p=246824"},"modified":"2019-05-24T07:59:50","modified_gmt":"2019-05-24T05:59:50","slug":"adinolfi-chiude-la-sua-campagna-elettorale-al-dancing-arcobaleno","status":"publish","type":"post","link":"https:\/\/www.radioluna.it\/news\/2019\/05\/adinolfi-chiude-la-sua-campagna-elettorale-al-dancing-arcobaleno\/","title":{"rendered":"Adinolfi chiude la sua campagna elettorale al Dancing Arcobaleno"},"content":{"rendered":"<div id=\"fb-root\"><\/div>\n<p style=\"text-align: justify;\"><strong>LATINA<\/strong> &#8211;\u00a0Matteo Adinolfi candidato di Latina nelle liste delle Lega\u00a0 venerd\u00ec 24 alle ore 21.30 saluter\u00e0 elettori e cittadini presso il Dancing Arcobaleno a Borgo Podgora. &#8220;Sar\u00e0 un\u2019occasione per concludere con amici e militanti questa straordinaria campagna elettorale sulle note dell\u2019 orchestra spettacolo Mozzato&#8221;, dice. Saranno presenti anche il Coordinatore regionale Francesco Zicchieri, il Consigliere regionale Angelo Tripodi e il Sottosegretario Claudio Durigon.<\/p>\n<p style=\"text-align: justify;\">\u00abSar\u00e0 l\u2019occasione &#8211; spiega Adinolfi &#8211; per ricambiare lo staordinario affetto che la gente di questa provincia mi ha dimostrato durante le centinaia di incontri nei 33 comuni della nostra terra. Una popolazione straordinaria la nostra, cos\u00ec come straordinario \u00e8 il popolo italiano che merita al Parlamento Europeo rappresentanti che mettano gli interessi nazionali al primo posto\u00bb<strong>.<\/strong>\u00a0Nel programma turismo, agricoltura, eccellenze enogastronomiche, sviluppo, opere pubbliche, politiche per il lavoro e la \u00a0reindustrializzazione.<\/p>\n<div class=\"radio-posizionamento-telefono-in-articoli-dopo-il-contenuto-articolo radio-entity-placement\" id=\"radio-3840764620\"><div id=\"radio-2055460942\"><a href=\"https:\/\/www.simeoneceramiche.com\/\" aria-label=\"SIMEONE CERAMICHE GIF animata per radioluna_Tavola disegno 1 copia 2 (online-video-cutter.com)\"><img loading=\"lazy\" decoding=\"async\" src=\"https:\/\/www.radioluna.it\/news\/wp-content\/uploads\/2025\/05\/SIMEONE-CERAMICHE-GIF-animata-per-radioluna_Tavola-disegno-1-copia-2-online-video-cutter.com_.gif\" alt=\"\"  width=\"300\" height=\"250\"   \/><\/a><\/div><\/div>","protected":false},"excerpt":{"rendered":"<p>LATINA &#8211;\u00a0Matteo Adinolfi candidato di Latina nelle liste delle Lega\u00a0 venerd\u00ec 24 alle ore 21.30 saluter\u00e0 elettori e cittadini presso il Dancing Arcobaleno a Borgo Podgora. &#8220;Sar\u00e0 un\u2019occasione per concludere con amici e militanti questa straordinaria campagna elettorale sulle note dell\u2019 orchestra spettacolo Mozzato&#8221;, dice. Saranno presenti anche il Coordinatore regionale Francesco Zicchieri, il Consigliere [&hellip;]<\/p>\n","protected":false},"author":60,"featured_media":245149,"comment_status":"open","ping_status":"open","sticky":false,"template":"","format":"standard","meta":{"footnotes":""},"categories":[8],"tags":[],"class_list":["post-246824","post","type-post","status-publish","format-standard","has-post-thumbnail","hentry","category-politica"],"_links":{"self":[{"href":"https:\/\/www.radioluna.it\/news\/wp-json\/wp\/v2\/posts\/246824","targetHints":{"allow":["GET"]}}],"collection":[{"href":"https:\/\/www.radioluna.it\/news\/wp-json\/wp\/v2\/posts"}],"about":[{"href":"https:\/\/www.radioluna.it\/news\/wp-json\/wp\/v2\/types\/post"}],"author":[{"embeddable":true,"href":"https:\/\/www.radioluna.it\/news\/wp-json\/wp\/v2\/users\/60"}],"replies":[{"embeddable":true,"href":"https:\/\/www.radioluna.it\/news\/wp-json\/wp\/v2\/comments?post=246824"}],"version-history":[{"count":0,"href":"https:\/\/www.radioluna.it\/news\/wp-json\/wp\/v2\/posts\/246824\/revisions"}],"wp:featuredmedia":[{"embeddable":true,"href":"https:\/\/www.radioluna.it\/news\/wp-json\/wp\/v2\/media\/245149"}],"wp:attachment":[{"href":"https:\/\/www.radioluna.it\/news\/wp-json\/wp\/v2\/media?parent=246824"}],"wp:term":[{"taxonomy":"category","embeddable":true,"href":"https:\/\/www.radioluna.it\/news\/wp-json\/wp\/v2\/categories?post=246824"},{"taxonomy":"post_tag","embeddable":true,"href":"https:\/\/www.radioluna.it\/news\/wp-json\/wp\/v2\/tags?post=246824"}],"curies":[{"name":"wp","href":"https:\/\/api.w.org\/{rel}","templated":true}]}}