{"id":246921,"date":"2019-05-25T08:26:14","date_gmt":"2019-05-25T06:26:14","guid":{"rendered":"https:\/\/www.radioluna.it\/news\/?p=246921"},"modified":"2019-05-27T11:24:11","modified_gmt":"2019-05-27T09:24:11","slug":"elezioni-europee-e-amministrative-vigilia-di-voto-seggi-insediati-questa-mattina","status":"publish","type":"post","link":"https:\/\/www.radioluna.it\/news\/2019\/05\/elezioni-europee-e-amministrative-vigilia-di-voto-seggi-insediati-questa-mattina\/","title":{"rendered":"Elezioni europee e amministrative, vigilia di voto. Seggi insediati questa mattina"},"content":{"rendered":"<div id=\"fb-root\"><\/div>\n<p style=\"text-align: justify;\"><strong>LATINA &#8211;<\/strong>\u00a0Domenica 26 maggio in Italia si vota per le\u00a0elezioni europee. Seggi aperti dalle 7 del mattino alle 23 e \u00a0potranno esprimere la propria preferenza tutti gli italiani che hanno compiuto 18 anni e i cittadini europei che hanno la residenza in Italia e hanno deciso di votare per i candidati italiani. L\u2019Italia che elegger\u00e0 73 eurodeputati, per le elezioni europee viene divisa in cinque circoscrizioni elettorali. Nella \u00a0Circoscrizione Italia centrale saranno 14 gli eurodeputati eletti da Toscana, Umbria, Marche, Lazio.<\/p>\n<p style=\"text-align: justify;\"><strong>AMMINISTRATIVE<\/strong> &#8211; Contemporaneamente si voter\u00e0 per le Amministrative nei comuni che rinnovano sindaco e consiglio comunale. In provincia di Latina sono sette: Sermoneta, Monte San Biagio, Rocca Massima, Roccagorga, Prossedi, Maenza e Spigno Saturnia. Qui gli elettori riceveranno due schede elettorali. Quella per le amministrative sar\u00e0 blu, mentre il colore di quella per le europee cambia a seconda della circoscrizione. Presidenti e scrutatori si sono insediati questa mattina nelle scuole sede di seggio.<\/p>\n<p><strong>COME SI VOTA PER LE ELEZIONI AMMINISTRATIVE &#8211;\u00a0<\/strong><\/p>\n<p>Nei comuni di <strong>MAENZA, PROSSEDI, ROCCA MASSIMA, ROCCAGORGA, SPIGNO SATURNIA<\/strong> (popolazione inferiore a 5.000 abitanti) l\u2019elettore pu\u00f2 votare:<\/p>\n<ul>\n<li>per una delle liste, tracciando un segno sul relativo contrassegno;<\/li>\n<li>per un candidato a sindaco, tracciando un segno sul relativo nominativo;<\/li>\n<li>tracciando un segno di voto sia sul contrassegno di lista sia sul nominativo del candidato alla carica di sindaco collegato alla lista votata;<\/li>\n<li style=\"text-align: justify;\">per un candidato alla carica di consigliere comunale scrivendone il cognome o, in caso di omonimia il cognome e il nome, nella riga stampata sotto il contrassegno della lista del candidato sindaco votato, anche senza segnare il contrassegno della lista stessa.<\/li>\n<\/ul>\n<p style=\"text-align: justify;\">Nei primi tre casi, il voto validamente espresso, si intender\u00e0 attribuito sia al candidato alla carica di sindaco sia alla lista collegata.<\/p>\n<p style=\"text-align: justify;\">Nella quarta ipotesi, il voto validamente espresso per il candidato consigliere, si intender\u00e0 attribuito anche alla lista cui appartiene il candidato votato e al candidato alla carica di sindaco ad essa collegato.<\/p>\n<p style=\"text-align: justify;\">&#8211; Nei Comuni di <strong>MONTE SAN BIAGIO e SERMONETA<\/strong> (popolazione compresa tra 5.000 e 15.000 abitanti) l\u2019elettore pu\u00f2 votare con le medesime modalit\u00e0 indicate per i comuni fino a 5.000 abitanti, ma avr\u00e0 la possibilit\u00e0 di esprimere il voto di preferenza per massimo due candidati alla carica di consigliere comunale (<u>purch\u00e9 di sesso diverso<\/u>)\u00a0 scrivendone il cognome o, in caso di omonimia il cognome e il nome, nelle righe stampate sotto il contrassegno della lista del candidato sindaco votato, anche senza segnare il contrassegno della lista stessa. Ai sensi del d.lgs. 215\/2012, nel caso di espressione di due\u00a0 preferenze per i candidati alla carica di consigliere, esse devono riguardare candidati di sesso diverso della stessa lista, pena l\u2019annullamento della seconda preferenza<\/p>\n<p style=\"text-align: justify;\">Le operazioni di scrutinio inizieranno domenica 26 maggio, subito dopo la chiusura della votazione e l\u2019accertamento dei votanti<\/p>\n<p style=\"text-align: justify;\"><strong>COME SI VOTA PER LE ELEZIONI EUROPEE<\/strong> &#8211;\u00a0Nei seggi istituiti in Italia, ciascun elettore ha a disposizione una sola scheda di voto, di colore diverso per ciascuna circoscrizione elettorale, che riproduce i contrassegni di tutte le liste ammesse per la circoscrizione per cui vota. L\u2019elettore pu\u00f2 esprimere da una a tre preferenze per la lista scelta. Nel caso di due o tre preferenze espresse, queste devono riguardare candidati della lista di genere diverso (uomo \u2013 donna, o viceversa; uomo \u2013 donna \u2013 uomo, o viceversa), pena l\u2019annullamento della seconda e terza preferenza [articolo 14, primo comma, legge n. 18\/1979, modificato da ultimo dall\u2019articolo 1, comma 2, lettera c), legge n. 65\/2014].<\/p>\n<p>&nbsp;<\/p>\n<div class=\"radio-posizionamento-telefono-in-articoli-dopo-il-contenuto-articolo radio-entity-placement\" id=\"radio-553559960\"><div id=\"radio-799171571\"><a href=\"https:\/\/www.simeoneceramiche.com\/\" aria-label=\"SIMEONE CERAMICHE GIF animata per radioluna_Tavola disegno 1 copia 2 (online-video-cutter.com)\"><img loading=\"lazy\" decoding=\"async\" src=\"https:\/\/www.radioluna.it\/news\/wp-content\/uploads\/2025\/05\/SIMEONE-CERAMICHE-GIF-animata-per-radioluna_Tavola-disegno-1-copia-2-online-video-cutter.com_.gif\" alt=\"\"  width=\"300\" height=\"250\"   \/><\/a><\/div><\/div>","protected":false},"excerpt":{"rendered":"<p>LATINA &#8211;\u00a0Domenica 26 maggio in Italia si vota per le\u00a0elezioni europee. Seggi aperti dalle 7 del mattino alle 23 e \u00a0potranno esprimere la propria preferenza tutti gli italiani che hanno compiuto 18 anni e i cittadini europei che hanno la residenza in Italia e hanno deciso di votare per i candidati italiani. L\u2019Italia che elegger\u00e0 [&hellip;]<\/p>\n","protected":false},"author":60,"featured_media":246922,"comment_status":"open","ping_status":"open","sticky":false,"template":"","format":"standard","meta":{"footnotes":""},"categories":[8],"tags":[],"class_list":["post-246921","post","type-post","status-publish","format-standard","has-post-thumbnail","hentry","category-politica"],"_links":{"self":[{"href":"https:\/\/www.radioluna.it\/news\/wp-json\/wp\/v2\/posts\/246921","targetHints":{"allow":["GET"]}}],"collection":[{"href":"https:\/\/www.radioluna.it\/news\/wp-json\/wp\/v2\/posts"}],"about":[{"href":"https:\/\/www.radioluna.it\/news\/wp-json\/wp\/v2\/types\/post"}],"author":[{"embeddable":true,"href":"https:\/\/www.radioluna.it\/news\/wp-json\/wp\/v2\/users\/60"}],"replies":[{"embeddable":true,"href":"https:\/\/www.radioluna.it\/news\/wp-json\/wp\/v2\/comments?post=246921"}],"version-history":[{"count":0,"href":"https:\/\/www.radioluna.it\/news\/wp-json\/wp\/v2\/posts\/246921\/revisions"}],"wp:featuredmedia":[{"embeddable":true,"href":"https:\/\/www.radioluna.it\/news\/wp-json\/wp\/v2\/media\/246922"}],"wp:attachment":[{"href":"https:\/\/www.radioluna.it\/news\/wp-json\/wp\/v2\/media?parent=246921"}],"wp:term":[{"taxonomy":"category","embeddable":true,"href":"https:\/\/www.radioluna.it\/news\/wp-json\/wp\/v2\/categories?post=246921"},{"taxonomy":"post_tag","embeddable":true,"href":"https:\/\/www.radioluna.it\/news\/wp-json\/wp\/v2\/tags?post=246921"}],"curies":[{"name":"wp","href":"https:\/\/api.w.org\/{rel}","templated":true}]}}