{"id":246968,"date":"2019-05-25T16:59:52","date_gmt":"2019-05-25T14:59:52","guid":{"rendered":"https:\/\/www.radioluna.it\/news\/?p=246968"},"modified":"2019-05-27T07:59:38","modified_gmt":"2019-05-27T05:59:38","slug":"morto-a-parco-san-marco-emmanuel-lavorava-e-non-appariva-depresso-dal-cas-era-in-gamba-e-molto-attivo","status":"publish","type":"post","link":"https:\/\/www.radioluna.it\/news\/2019\/05\/morto-a-parco-san-marco-emmanuel-lavorava-e-non-appariva-depresso-dal-cas-era-in-gamba-e-molto-attivo\/","title":{"rendered":"Morto a Parco San Marco, Emmanuel lavorava e non appariva depresso. Dal Cas: &#8220;Era in gamba e molto attivo&#8221;"},"content":{"rendered":"<div id=\"fb-root\"><\/div>\n<p style=\"text-align: justify;\"><strong>LATINA &#8211;<\/strong>\u00a0Yeboah Emmanuel porter\u00e0 con s\u00e9 la ragione per cui venerd\u00ec sera si \u00e8 gettato nel laghetto di Parco San Marco, ha fatto alcune bracciate scomposte raggiungendo il centro della vasca e poi \u00e8 scomparso nelle acque torbide per essere ripescato cadavere quattro ore pi\u00f9 tardi. E&#8217; una morte che genera interrogativi la sua, come lo sarebbe quella di qualunque ragazzo della sua et\u00e0. Forse di pi\u00f9, perch\u00e9 la sua vita \u00e8 stata dura fin da subito, anche dopo la traversata del Mediterraneo.<\/p>\n<p style=\"text-align: justify;\">&#8220;Era un ragazzo del Ghana di ventiquattro anni. Ex ospite del Cas di Aprilia di Karib\u00f9 dal quale si era allontanato volontariamente nell\u2019ottobre del 2017 perch\u00e9 lavorava e non voleva essere trasferito in altro territorio. Da allora la coop non ha avuto pi\u00f9 contatti ma lo ricordano come in ragazzo in gamba e molto attivo&#8221;, racconta l&#8217;assessora alle politiche sociali del Comune di Latina Patrizia Ciccarelli. <a href=\"https:\/\/www.radioluna.it\/news\/2019\/05\/latina-ripescato-a-tarda-notte-i-corpo-del-giovane-immigrato-annegato-nel-laghetto-di-parco-san-marco\/\">Una notte insonne per molti<\/a>.<br \/>\nQuel cerotto che aveva sul braccio, \u00e8 il segno di un prelievo di sangue fatto in ospedale, ma non era ricoverato come invece aveva fatto sospettare il pigiama che indossava. &#8220;In pronto soccorso risultano due accessi per problematiche fisiche diverse e l\u2019ultimo il 23 maggio si \u00e8 concluso, dopo gli accertamenti, tra cui anche il prelievo del sangue, con regolare dimissione. Mi dicono che non ha dato segni di depressione o di instabilit\u00e0 e infatti non c\u2019\u00e8 stata nessuna richiesta di consulenza psichiatrica. Non era ricoverato. Questo \u00e8 sicuro&#8221;, aggiunge la Ciccarelli.<br \/>\nSolo luned\u00ec, con gli uffici aperti, invece si potr\u00e0 capire se avesse frequentato il dormitorio invernale, anche se l&#8217;associazione che lo ha gestito non ricorda Emmanuel.<\/p>\n<p style=\"text-align: justify;\">&#8220;Verificheremo &#8211; conclude l&#8217;assessore &#8211; Ora \u00e8 importante rintracciare i familiari e fare tutto il possibile per dare almeno almeno ora a questo ragazzo dignit\u00e0 e rispetto&#8221;.<\/p>\n<div class=\"radio-posizionamento-telefono-in-articoli-dopo-il-contenuto-articolo radio-entity-placement\" id=\"radio-3847759497\"><div id=\"radio-1254963584\"><a href=\"https:\/\/www.simeoneceramiche.com\/\" aria-label=\"SIMEONE CERAMICHE GIF animata per radioluna_Tavola disegno 1 copia 2 (online-video-cutter.com)\"><img loading=\"lazy\" decoding=\"async\" src=\"https:\/\/www.radioluna.it\/news\/wp-content\/uploads\/2025\/05\/SIMEONE-CERAMICHE-GIF-animata-per-radioluna_Tavola-disegno-1-copia-2-online-video-cutter.com_.gif\" alt=\"\"  width=\"300\" height=\"250\"   \/><\/a><\/div><\/div>","protected":false},"excerpt":{"rendered":"<p>LATINA &#8211;\u00a0Yeboah Emmanuel porter\u00e0 con s\u00e9 la ragione per cui venerd\u00ec sera si \u00e8 gettato nel laghetto di Parco San Marco, ha fatto alcune bracciate scomposte raggiungendo il centro della vasca e poi \u00e8 scomparso nelle acque torbide per essere ripescato cadavere quattro ore pi\u00f9 tardi. E&#8217; una morte che genera interrogativi la sua, come [&hellip;]<\/p>\n","protected":false},"author":62,"featured_media":246910,"comment_status":"open","ping_status":"open","sticky":false,"template":"","format":"standard","meta":{"footnotes":""},"categories":[7],"tags":[],"class_list":["post-246968","post","type-post","status-publish","format-standard","has-post-thumbnail","hentry","category-cronaca"],"_links":{"self":[{"href":"https:\/\/www.radioluna.it\/news\/wp-json\/wp\/v2\/posts\/246968","targetHints":{"allow":["GET"]}}],"collection":[{"href":"https:\/\/www.radioluna.it\/news\/wp-json\/wp\/v2\/posts"}],"about":[{"href":"https:\/\/www.radioluna.it\/news\/wp-json\/wp\/v2\/types\/post"}],"author":[{"embeddable":true,"href":"https:\/\/www.radioluna.it\/news\/wp-json\/wp\/v2\/users\/62"}],"replies":[{"embeddable":true,"href":"https:\/\/www.radioluna.it\/news\/wp-json\/wp\/v2\/comments?post=246968"}],"version-history":[{"count":0,"href":"https:\/\/www.radioluna.it\/news\/wp-json\/wp\/v2\/posts\/246968\/revisions"}],"wp:featuredmedia":[{"embeddable":true,"href":"https:\/\/www.radioluna.it\/news\/wp-json\/wp\/v2\/media\/246910"}],"wp:attachment":[{"href":"https:\/\/www.radioluna.it\/news\/wp-json\/wp\/v2\/media?parent=246968"}],"wp:term":[{"taxonomy":"category","embeddable":true,"href":"https:\/\/www.radioluna.it\/news\/wp-json\/wp\/v2\/categories?post=246968"},{"taxonomy":"post_tag","embeddable":true,"href":"https:\/\/www.radioluna.it\/news\/wp-json\/wp\/v2\/tags?post=246968"}],"curies":[{"name":"wp","href":"https:\/\/api.w.org\/{rel}","templated":true}]}}