{"id":247140,"date":"2019-05-28T15:03:24","date_gmt":"2019-05-28T13:03:24","guid":{"rendered":"https:\/\/www.radioluna.it\/news\/?p=247140"},"modified":"2019-05-28T15:03:24","modified_gmt":"2019-05-28T13:03:24","slug":"vitalizi-consiglieri-del-lazio-tutti-daccordo-resteranno-ma-ricalcolati","status":"publish","type":"post","link":"https:\/\/www.radioluna.it\/news\/2019\/05\/vitalizi-consiglieri-del-lazio-tutti-daccordo-resteranno-ma-ricalcolati\/","title":{"rendered":"Vitalizi, consiglieri del Lazio tutti d&#8217;accordo: resteranno ma ricalcolati"},"content":{"rendered":"<div id=\"fb-root\"><\/div>\n<p style=\"text-align: justify;\"><strong>LATINA &#8211;<\/strong> I vitalizi non spariranno nel Lazio. Saranno ricalcolati come stabilito dalla legge di Bilancio nazionale. Lo ha deciso oggi il Consiglio regionale del Lazio che ha approvato all\u2019unanimit\u00e0, con 30 voti a favore e nessun voto contrario, la proposta di legge regionale n. 147 del 9 maggio 2019, \u201cDisposizioni in materia di rideterminazione degli assegni vitalizi\u201d, presentata dall\u2019Ufficio di presidenza, che consentir\u00e0 complessivi risparmi per 6.695.757 euro l\u2019anno a partire dal 2020. Il risparmio per l\u2019anno 2019 \u00e8 valutato in 557.979 euro. Attualmente la Regione spende per i vitalizi 16,4 milioni all\u2019anno, in virt\u00f9 del contributo di solidariet\u00e0 che per\u00f2 \u00e8 temporaneo.<\/p>\n<p style=\"text-align: justify;\">Con l\u2019approvazione della nuova legge che stabilisce il ricalcolo dei vitalizi sulla base di un sistema contributivo con aliquote,\u00a0 &#8211; si legge in una nota che arriva dalla Regione &#8211; la spesa scender\u00e0 in maniera definitiva a poco pi\u00f9 di 12 milioni di euro l\u2019anno. Il Consiglio regionale ha approvato la nuova normativa nei termini stabiliti dalla legge di bilancio nazionale (legge 145\/2018) per tutte le regioni, vale a dire entro il 30 maggio, pena la decurtazione di una quota pari al 20% per cento dei trasferimenti erariali al netto di quelli destinati al finanziamento del Servizio sanitario nazionale, delle politiche sociali e per le non autosufficienze e del trasporto pubblico locale.<\/p>\n<p style=\"text-align: justify;\"><strong>IL RICALCOLO &#8211;<\/strong> La legge di bilancio nazionale aveva disposto che i criteri e i parametri per la rideterminazione dei trattamenti previdenziali e degli assegni vitalizi fossero individuati da apposita intesa da adottare in sede di Conferenza Stato &#8211; Regioni. Cos\u00ec, il 3 aprile scorso la Conferenza Stato &#8211; Regioni ha stabilito criteri e parametri per la rideterminazione degli assegni vitalizi, rinviando alle regioni l\u2019approvazione di un documento d\u2019indirizzo stabilendo: che il metodo contributivo per il ricalcolo dei vitalizi non possa subire una riduzione superiore a quella risultante applicando all\u2019assegno vitalizio, spettante in base alla previgente normativa, le aliquote stabilite da un\u2019apposita tabella (riportata nella legge). Un altro parametro importante \u00e8 la spesa complessiva. A tutte le Regioni \u00e8 stato dato un valore massimo, dato dai valori del contributivo secco, aumentato del 26 per cento. Ora tutti i vitalizi saranno ricalcolati con questo metodo.<\/p>\n<div class=\"radio-posizionamento-telefono-in-articoli-dopo-il-contenuto-articolo radio-entity-placement\" id=\"radio-288215052\"><div id=\"radio-2532234875\"><a href=\"https:\/\/www.simeoneceramiche.com\/\" aria-label=\"SIMEONE CERAMICHE GIF animata per radioluna_Tavola disegno 1 copia 2 (online-video-cutter.com)\"><img loading=\"lazy\" decoding=\"async\" src=\"https:\/\/www.radioluna.it\/news\/wp-content\/uploads\/2025\/05\/SIMEONE-CERAMICHE-GIF-animata-per-radioluna_Tavola-disegno-1-copia-2-online-video-cutter.com_.gif\" alt=\"\"  width=\"300\" height=\"250\"   \/><\/a><\/div><\/div>","protected":false},"excerpt":{"rendered":"<p>LATINA &#8211; I vitalizi non spariranno nel Lazio. Saranno ricalcolati come stabilito dalla legge di Bilancio nazionale. Lo ha deciso oggi il Consiglio regionale del Lazio che ha approvato all\u2019unanimit\u00e0, con 30 voti a favore e nessun voto contrario, la proposta di legge regionale n. 147 del 9 maggio 2019, \u201cDisposizioni in materia di rideterminazione [&hellip;]<\/p>\n","protected":false},"author":60,"featured_media":236713,"comment_status":"open","ping_status":"open","sticky":false,"template":"","format":"standard","meta":{"footnotes":""},"categories":[8],"tags":[],"class_list":["post-247140","post","type-post","status-publish","format-standard","has-post-thumbnail","hentry","category-politica"],"_links":{"self":[{"href":"https:\/\/www.radioluna.it\/news\/wp-json\/wp\/v2\/posts\/247140","targetHints":{"allow":["GET"]}}],"collection":[{"href":"https:\/\/www.radioluna.it\/news\/wp-json\/wp\/v2\/posts"}],"about":[{"href":"https:\/\/www.radioluna.it\/news\/wp-json\/wp\/v2\/types\/post"}],"author":[{"embeddable":true,"href":"https:\/\/www.radioluna.it\/news\/wp-json\/wp\/v2\/users\/60"}],"replies":[{"embeddable":true,"href":"https:\/\/www.radioluna.it\/news\/wp-json\/wp\/v2\/comments?post=247140"}],"version-history":[{"count":0,"href":"https:\/\/www.radioluna.it\/news\/wp-json\/wp\/v2\/posts\/247140\/revisions"}],"wp:featuredmedia":[{"embeddable":true,"href":"https:\/\/www.radioluna.it\/news\/wp-json\/wp\/v2\/media\/236713"}],"wp:attachment":[{"href":"https:\/\/www.radioluna.it\/news\/wp-json\/wp\/v2\/media?parent=247140"}],"wp:term":[{"taxonomy":"category","embeddable":true,"href":"https:\/\/www.radioluna.it\/news\/wp-json\/wp\/v2\/categories?post=247140"},{"taxonomy":"post_tag","embeddable":true,"href":"https:\/\/www.radioluna.it\/news\/wp-json\/wp\/v2\/tags?post=247140"}],"curies":[{"name":"wp","href":"https:\/\/api.w.org\/{rel}","templated":true}]}}