{"id":247181,"date":"2019-05-28T20:21:32","date_gmt":"2019-05-28T18:21:32","guid":{"rendered":"https:\/\/www.radioluna.it\/news\/?p=247181"},"modified":"2019-05-30T19:14:50","modified_gmt":"2019-05-30T17:14:50","slug":"elezioni-europee-matteo-adinolfi-non-e-ancora-eletto-dovra-aspettare-la-brexit","status":"publish","type":"post","link":"https:\/\/www.radioluna.it\/news\/2019\/05\/elezioni-europee-matteo-adinolfi-non-e-ancora-eletto-dovra-aspettare-la-brexit\/","title":{"rendered":"Elezioni Europee, Matteo Adinolfi non \u00e8 (ancora) eletto: dovr\u00e0 aspettare la Brexit"},"content":{"rendered":"<div id=\"fb-root\"><\/div>\n<p style=\"text-align: justify;\"><strong>LATINA<\/strong> &#8211; Un balletto quello degli europarlamentari pontini eletti. Dopo De Meo (FI) entrato a sorpresa con i riconteggi quando sembrava fuori, \u00e8 il turno (al contrario per\u00f2) di Matteo Adinolfi il candidato di Latina della Lega che prima \u00e8 stato dato per eletto e ora invece, a quanto pare, dovr\u00e0\u00a0 attendere la Brexit prima di poter sedere nel Parlamento dell&#8217;Ue. Le notizie sono di queste ore.<\/p>\n<p style=\"text-align: justify;\">Con il\u00a0\u00a0voto di domenica infatti, l&#8217;Italia ha eletto 76 rappresentanti, ma solo 73 entreranno subito in carica. Tre dovranno attendere l&#8217;uscita del Regno Unito e tra questi c&#8217;\u00e8 proprio Adinolfi, in compagnia di Martusciello (FI) e Berlato (FdI). La questione sarebbe stata al centro della riunione convocata dal leader del partito Matteo Salvini con i 29 eletti della Lega. Salvini le cui dimissioni da europarlamentare sono scontate essendo incompatibile la carica con quelle di Governo\u00a0 \u00a0lascer\u00e0 il suo posto a Luisa Regimenti che nonostante un numero di voti decisamente pi\u00f9 basso ha scavalcato Adinolfi.<\/p>\n<div class=\"radio-posizionamento-telefono-in-articoli-dopo-il-contenuto-articolo radio-entity-placement\" id=\"radio-2732373650\"><div id=\"radio-3066534727\"><a href=\"https:\/\/grupporedi.it\/\" aria-label=\"Redi-Qr\"><img loading=\"lazy\" decoding=\"async\" src=\"https:\/\/www.radioluna.it\/news\/wp-content\/uploads\/2026\/03\/Redi-Qr.jpg\" alt=\"\"  srcset=\"https:\/\/www.radioluna.it\/news\/wp-content\/uploads\/2026\/03\/Redi-Qr.jpg 800w, https:\/\/www.radioluna.it\/news\/wp-content\/uploads\/2026\/03\/Redi-Qr-768x639.jpg 768w\" sizes=\"(max-width: 800px) 100vw, 800px\" width=\"300\" height=\"250\"   \/><\/a><\/div><\/div>","protected":false},"excerpt":{"rendered":"<p>LATINA &#8211; Un balletto quello degli europarlamentari pontini eletti. Dopo De Meo (FI) entrato a sorpresa con i riconteggi quando sembrava fuori, \u00e8 il turno (al contrario per\u00f2) di Matteo Adinolfi il candidato di Latina della Lega che prima \u00e8 stato dato per eletto e ora invece, a quanto pare, dovr\u00e0\u00a0 attendere la Brexit prima [&hellip;]<\/p>\n","protected":false},"author":62,"featured_media":247182,"comment_status":"open","ping_status":"open","sticky":false,"template":"","format":"standard","meta":{"footnotes":""},"categories":[8],"tags":[],"class_list":["post-247181","post","type-post","status-publish","format-standard","has-post-thumbnail","hentry","category-politica"],"_links":{"self":[{"href":"https:\/\/www.radioluna.it\/news\/wp-json\/wp\/v2\/posts\/247181","targetHints":{"allow":["GET"]}}],"collection":[{"href":"https:\/\/www.radioluna.it\/news\/wp-json\/wp\/v2\/posts"}],"about":[{"href":"https:\/\/www.radioluna.it\/news\/wp-json\/wp\/v2\/types\/post"}],"author":[{"embeddable":true,"href":"https:\/\/www.radioluna.it\/news\/wp-json\/wp\/v2\/users\/62"}],"replies":[{"embeddable":true,"href":"https:\/\/www.radioluna.it\/news\/wp-json\/wp\/v2\/comments?post=247181"}],"version-history":[{"count":0,"href":"https:\/\/www.radioluna.it\/news\/wp-json\/wp\/v2\/posts\/247181\/revisions"}],"wp:featuredmedia":[{"embeddable":true,"href":"https:\/\/www.radioluna.it\/news\/wp-json\/wp\/v2\/media\/247182"}],"wp:attachment":[{"href":"https:\/\/www.radioluna.it\/news\/wp-json\/wp\/v2\/media?parent=247181"}],"wp:term":[{"taxonomy":"category","embeddable":true,"href":"https:\/\/www.radioluna.it\/news\/wp-json\/wp\/v2\/categories?post=247181"},{"taxonomy":"post_tag","embeddable":true,"href":"https:\/\/www.radioluna.it\/news\/wp-json\/wp\/v2\/tags?post=247181"}],"curies":[{"name":"wp","href":"https:\/\/api.w.org\/{rel}","templated":true}]}}